{"id":101473,"date":"2019-06-21T13:25:35","date_gmt":"2019-06-21T16:25:35","guid":{"rendered":"http:\/\/www.caririemacao.com\/1\/?p=101473"},"modified":"2019-06-21T13:25:35","modified_gmt":"2019-06-21T16:25:35","slug":"bolsonaro-anuncia-lei-para-dar-retaguarda-juridica-a-policiais-a-forca-de-seguranca-vai-sempre-estar-certa","status":"publish","type":"post","link":"https:\/\/www.caririemacao.com\/1\/2019\/06\/21\/bolsonaro-anuncia-lei-para-dar-retaguarda-juridica-a-policiais-a-forca-de-seguranca-vai-sempre-estar-certa\/","title":{"rendered":"Bolsonaro anuncia lei para dar &#8220;retaguarda jur\u00eddica&#8221; a policiais: &#8216;a for\u00e7a de seguran\u00e7a vai sempre estar certa&#8217;"},"content":{"rendered":"\n<p>O presidente Jair Bolsonaro disse, em entrevista na manh\u00e3 desta sexta-feira (21), que vai apresentar um projeto para que &#8220;os homens da lei, For\u00e7as Armadas, pol\u00edcias, etc. tenham uma retaguarda jur\u00eddica para poder bem desempenhar a sua fun\u00e7\u00e3o&#8221;. Ele anunciou a novidade durante an\u00fancio de novo ministro para a Secretaria Geral.<br><\/p>\n\n\n\n<p><a href=\"https:\/\/www.pscp.tv\/w\/1nAKEzeAnLZGL\">V\u00cdDEO DO AN\u00daNCIO<\/a><\/p>\n\n\n\n<p>Bolsonaro lembrou que essa proposta \u00e9 um compromisso de campanha e informou que ir\u00e1 se encontrar ainda hoje com o ministro da Defesa, Fernando Azevedo.<\/p>\n\n\n\n<p>&#8220;Eu me coloco, sempre, no lugar de quem t\u00e1 cumprindo aquela miss\u00e3o, para ver de que maneira poderemos dar garantia a ele. N\u00e3o \u00e9 justo voc\u00ea pegar um garoto do Ex\u00e9rcito Brasileiro, com 20 anos&nbsp; de idade, botar um fuzil no peito dele, mandar pra miss\u00e3o&#8221;, disse Bolsonaro, afirmando que &#8220;imprevistos&#8221; podem ocorrer e ele pode pegar at\u00e9 30 anos de pris\u00e3o.&nbsp; &nbsp;<\/p>\n\n\n\n<p>Bolsonaro pretende incluir nesse projeto policiais federais, rodovi\u00e1rios federais, militares, civis, entre outros. &#8220;O que esses que est\u00e3o acostumados de viver \u00e0 margem da lei t\u00eam que botar na cabe\u00e7a uma coisa: se a for\u00e7a de seguran\u00e7a entrar em campo, de qualquer maneira a for\u00e7a de seguran\u00e7a vai sempre estar certa. N\u00f3s podemos responder, mas n\u00e3o tem puni\u00e7\u00e3o. Esse \u00e9 nosso interesse&#8221;, disse Bolsonaro.<\/p>\n\n\n\n<p>O presidente foi questionado por rep\u00f3rter da Folha de S\u00e3o Paulo se, diante da rela\u00e7\u00e3o com o Congresso, pretende continuar enviando decretos ou elaborar mais projetos de lei, depois da rejei\u00e7\u00e3o do decreto do porte de armas. Bolsonaro disse que, decretos que porventura causem transtornos ou injusti\u00e7as, os deputados e senadores podem apresentar o que poderia ser feito e a assessoria jur\u00eddica do governo pode melhorar, de forma melhorar o entendimento e atender os interesses da popula\u00e7\u00e3o.&nbsp;<\/p>\n\n\n\n<p>&#8220;No tocante a projetos de lei a gente vai continuar enviando&#8221;, disse.&nbsp;&nbsp;<\/p>\n","protected":false},"excerpt":{"rendered":"<p>O presidente Jair Bolsonaro disse, em entrevista na manh\u00e3 desta sexta-feira (21), que vai apresentar um projeto para que &#8220;os homens da lei, For\u00e7as Armadas,&hellip; <\/p>\n","protected":false},"author":1,"featured_media":95700,"comment_status":"closed","ping_status":"closed","sticky":false,"template":"","format":"standard","meta":{"sfsi_plus_gutenberg_text_before_share":"","sfsi_plus_gutenberg_show_text_before_share":"","sfsi_plus_gutenberg_icon_type":"","sfsi_plus_gutenberg_icon_alignemt":"","sfsi_plus_gutenburg_max_per_row":"","footnotes":""},"categories":[11],"tags":[],"class_list":["post-101473","post","type-post","status-publish","format-standard","has-post-thumbnail","hentry","category-politica"],"_links":{"self":[{"href":"https:\/\/www.caririemacao.com\/1\/wp-json\/wp\/v2\/posts\/101473","targetHints":{"allow":["GET"]}}],"collection":[{"href":"https:\/\/www.caririemacao.com\/1\/wp-json\/wp\/v2\/posts"}],"about":[{"href":"https:\/\/www.caririemacao.com\/1\/wp-json\/wp\/v2\/types\/post"}],"author":[{"embeddable":true,"href":"https:\/\/www.caririemacao.com\/1\/wp-json\/wp\/v2\/users\/1"}],"replies":[{"embeddable":true,"href":"https:\/\/www.caririemacao.com\/1\/wp-json\/wp\/v2\/comments?post=101473"}],"version-history":[{"count":1,"href":"https:\/\/www.caririemacao.com\/1\/wp-json\/wp\/v2\/posts\/101473\/revisions"}],"predecessor-version":[{"id":101474,"href":"https:\/\/www.caririemacao.com\/1\/wp-json\/wp\/v2\/posts\/101473\/revisions\/101474"}],"wp:featuredmedia":[{"embeddable":true,"href":"https:\/\/www.caririemacao.com\/1\/wp-json\/wp\/v2\/media\/95700"}],"wp:attachment":[{"href":"https:\/\/www.caririemacao.com\/1\/wp-json\/wp\/v2\/media?parent=101473"}],"wp:term":[{"taxonomy":"category","embeddable":true,"href":"https:\/\/www.caririemacao.com\/1\/wp-json\/wp\/v2\/categories?post=101473"},{"taxonomy":"post_tag","embeddable":true,"href":"https:\/\/www.caririemacao.com\/1\/wp-json\/wp\/v2\/tags?post=101473"}],"curies":[{"name":"wp","href":"https:\/\/api.w.org\/{rel}","templated":true}]}}