{"id":101478,"date":"2019-06-21T13:29:14","date_gmt":"2019-06-21T16:29:14","guid":{"rendered":"http:\/\/www.caririemacao.com\/1\/?p=101478"},"modified":"2019-06-21T13:29:14","modified_gmt":"2019-06-21T16:29:14","slug":"homem-e-preso-em-flagrante-usando-carrinho-de-bebe-como-esconderijo-para-drogas","status":"publish","type":"post","link":"https:\/\/www.caririemacao.com\/1\/2019\/06\/21\/homem-e-preso-em-flagrante-usando-carrinho-de-bebe-como-esconderijo-para-drogas\/","title":{"rendered":"Homem \u00e9 preso em flagrante usando carrinho de beb\u00ea como esconderijo para drogas"},"content":{"rendered":"\n<p>Um homem foi preso durante a madrugada desta sexta-feira (21) suspeito de utilizar um carrinho de beb\u00ea como disfarce para a comercializa\u00e7\u00e3o de drogas em uma festa na cidade de Sousa, no Sert\u00e3o do Estado. A pris\u00e3o foi feita em flagrante por policiais do 14\u00ba Batalh\u00e3o de Pol\u00edcia Militar.<\/p>\n\n\n\n<p>Foram encontradas drogas escondidas dentro do carrinho de beb\u00ea.&nbsp;<\/p>\n\n\n\n<p>Os policiais foram acionados para investigar uma situa\u00e7\u00e3o em que um indiv\u00edduo estaria comercializando drogas na festa. Na abordagem ao suspeito, foram encontrados 20 papelotes de coca\u00edna.<\/p>\n\n\n\n<p>O indiv\u00edduo foi conduzido at\u00e9 a delegacia da cidade de Sousa. Os materiais apreendidos e o suspeito foram apresentados. As a\u00e7\u00f5es da Opera\u00e7\u00e3o Festas Juninas ocorrem durante o per\u00edodo do S\u00e3o Jo\u00e3o e visam evitar crimes patrimoniais e contra a vida, al\u00e9m do combate ao tr\u00e1fico de drogas.<\/p>\n","protected":false},"excerpt":{"rendered":"<p>Um homem foi preso durante a madrugada desta sexta-feira (21) suspeito de utilizar um carrinho de beb\u00ea como disfarce para a comercializa\u00e7\u00e3o de drogas em&hellip; <\/p>\n","protected":false},"author":1,"featured_media":101479,"comment_status":"closed","ping_status":"closed","sticky":false,"template":"","format":"standard","meta":{"sfsi_plus_gutenberg_text_before_share":"","sfsi_plus_gutenberg_show_text_before_share":"","sfsi_plus_gutenberg_icon_type":"","sfsi_plus_gutenberg_icon_alignemt":"","sfsi_plus_gutenburg_max_per_row":"","footnotes":""},"categories":[12],"tags":[],"class_list":["post-101478","post","type-post","status-publish","format-standard","has-post-thumbnail","hentry","category-policia"],"_links":{"self":[{"href":"https:\/\/www.caririemacao.com\/1\/wp-json\/wp\/v2\/posts\/101478","targetHints":{"allow":["GET"]}}],"collection":[{"href":"https:\/\/www.caririemacao.com\/1\/wp-json\/wp\/v2\/posts"}],"about":[{"href":"https:\/\/www.caririemacao.com\/1\/wp-json\/wp\/v2\/types\/post"}],"author":[{"embeddable":true,"href":"https:\/\/www.caririemacao.com\/1\/wp-json\/wp\/v2\/users\/1"}],"replies":[{"embeddable":true,"href":"https:\/\/www.caririemacao.com\/1\/wp-json\/wp\/v2\/comments?post=101478"}],"version-history":[{"count":1,"href":"https:\/\/www.caririemacao.com\/1\/wp-json\/wp\/v2\/posts\/101478\/revisions"}],"predecessor-version":[{"id":101480,"href":"https:\/\/www.caririemacao.com\/1\/wp-json\/wp\/v2\/posts\/101478\/revisions\/101480"}],"wp:featuredmedia":[{"embeddable":true,"href":"https:\/\/www.caririemacao.com\/1\/wp-json\/wp\/v2\/media\/101479"}],"wp:attachment":[{"href":"https:\/\/www.caririemacao.com\/1\/wp-json\/wp\/v2\/media?parent=101478"}],"wp:term":[{"taxonomy":"category","embeddable":true,"href":"https:\/\/www.caririemacao.com\/1\/wp-json\/wp\/v2\/categories?post=101478"},{"taxonomy":"post_tag","embeddable":true,"href":"https:\/\/www.caririemacao.com\/1\/wp-json\/wp\/v2\/tags?post=101478"}],"curies":[{"name":"wp","href":"https:\/\/api.w.org\/{rel}","templated":true}]}}