{"id":101482,"date":"2019-06-21T13:31:46","date_gmt":"2019-06-21T16:31:46","guid":{"rendered":"http:\/\/www.caririemacao.com\/1\/?p=101482"},"modified":"2019-06-21T13:31:46","modified_gmt":"2019-06-21T16:31:46","slug":"copa-america-equador-e-chile-se-enfrentam-hoje-na-arena-fonte-nova","status":"publish","type":"post","link":"https:\/\/www.caririemacao.com\/1\/2019\/06\/21\/copa-america-equador-e-chile-se-enfrentam-hoje-na-arena-fonte-nova\/","title":{"rendered":"Copa Am\u00e9rica: Equador e Chile se enfrentam hoje na Arena Fonte Nova"},"content":{"rendered":"\n<p>Equador e Chile fazem hoje (21) na Arena Fonte Nova, em Salvador, \u00e0s 20h, o \u00faltimo jogo da segunda rodada da primeira fase da Copa Am\u00e9rica. Um empate praticamente garante a classifica\u00e7\u00e3o dos chilenos para as quartas de final. A sele\u00e7\u00e3o equatoriana tenta os seus primeiros pontos na competi\u00e7\u00e3o.<br><\/p>\n\n\n\n<p>Chile<br>A sele\u00e7\u00e3o chilena defende o bicampeonato da Copa Am\u00e9rica. Com os tr\u00eas pontos conquistados na goleada na estreia, quando derrotou o Jap\u00e3o por 4 a 0, a equipe joga por um empate para praticamente garantir o passaporte para a pr\u00f3xima fase.<\/p>\n\n\n\n<p>O jogo marca o reencontro do t\u00e9cnico colombiano Reinaldo Rueda com a sele\u00e7\u00e3o do Equador, dirigida por ele na Copa do Mundo de 2014. Depois de estar \u00e0 frente da sele\u00e7\u00e3o equatoriana, Rueda comandou o Atl\u00e9tico Nacional da Col\u00f4mbia e o Flamengo, at\u00e9 aceitar o convite da federa\u00e7\u00e3o chilena para dirigir a equipe principal.<\/p>\n\n\n\n<p>O atacante Vargas, que fez dois gols na estreia, \u00e9 um dos artilheiros da competi\u00e7\u00e3o.<\/p>\n\n\n\n<p>Equador<br>A sele\u00e7\u00e3o equatoriana precisa vencer para continuar viva na competi\u00e7\u00e3o. O problema \u00e9 que os equatorianos n\u00e3o conseguiram nenhuma vit\u00f3ria este ano. N\u00e3o ganham partidas oficiais desde junho de 2016. S\u00e3o dez jogos sem vit\u00f3rias. E tem um dos planteis mais modestos do torneio.<\/p>\n\n\n\n<p>O zagueiro Arboleda, que joga no S\u00e3o Paulo, acredita em uma vit\u00f3ria diante da equipe chilena e em uma recupera\u00e7\u00e3o na competi\u00e7\u00e3o.&nbsp;<\/p>\n","protected":false},"excerpt":{"rendered":"<p>Equador e Chile fazem hoje (21) na Arena Fonte Nova, em Salvador, \u00e0s 20h, o \u00faltimo jogo da segunda rodada da primeira fase da Copa&hellip; <\/p>\n","protected":false},"author":1,"featured_media":101484,"comment_status":"closed","ping_status":"closed","sticky":false,"template":"","format":"standard","meta":{"sfsi_plus_gutenberg_text_before_share":"","sfsi_plus_gutenberg_show_text_before_share":"","sfsi_plus_gutenberg_icon_type":"","sfsi_plus_gutenberg_icon_alignemt":"","sfsi_plus_gutenburg_max_per_row":"","footnotes":""},"categories":[13],"tags":[],"class_list":["post-101482","post","type-post","status-publish","format-standard","has-post-thumbnail","hentry","category-esportes"],"_links":{"self":[{"href":"https:\/\/www.caririemacao.com\/1\/wp-json\/wp\/v2\/posts\/101482","targetHints":{"allow":["GET"]}}],"collection":[{"href":"https:\/\/www.caririemacao.com\/1\/wp-json\/wp\/v2\/posts"}],"about":[{"href":"https:\/\/www.caririemacao.com\/1\/wp-json\/wp\/v2\/types\/post"}],"author":[{"embeddable":true,"href":"https:\/\/www.caririemacao.com\/1\/wp-json\/wp\/v2\/users\/1"}],"replies":[{"embeddable":true,"href":"https:\/\/www.caririemacao.com\/1\/wp-json\/wp\/v2\/comments?post=101482"}],"version-history":[{"count":1,"href":"https:\/\/www.caririemacao.com\/1\/wp-json\/wp\/v2\/posts\/101482\/revisions"}],"predecessor-version":[{"id":101485,"href":"https:\/\/www.caririemacao.com\/1\/wp-json\/wp\/v2\/posts\/101482\/revisions\/101485"}],"wp:featuredmedia":[{"embeddable":true,"href":"https:\/\/www.caririemacao.com\/1\/wp-json\/wp\/v2\/media\/101484"}],"wp:attachment":[{"href":"https:\/\/www.caririemacao.com\/1\/wp-json\/wp\/v2\/media?parent=101482"}],"wp:term":[{"taxonomy":"category","embeddable":true,"href":"https:\/\/www.caririemacao.com\/1\/wp-json\/wp\/v2\/categories?post=101482"},{"taxonomy":"post_tag","embeddable":true,"href":"https:\/\/www.caririemacao.com\/1\/wp-json\/wp\/v2\/tags?post=101482"}],"curies":[{"name":"wp","href":"https:\/\/api.w.org\/{rel}","templated":true}]}}