{"id":101487,"date":"2019-06-21T13:34:56","date_gmt":"2019-06-21T16:34:56","guid":{"rendered":"http:\/\/www.caririemacao.com\/1\/?p=101487"},"modified":"2019-06-21T13:34:56","modified_gmt":"2019-06-21T16:34:56","slug":"corpo-de-bombeiros-alerta-para-manuseio-de-fogos-de-artificio-no-sao-joao","status":"publish","type":"post","link":"https:\/\/www.caririemacao.com\/1\/2019\/06\/21\/corpo-de-bombeiros-alerta-para-manuseio-de-fogos-de-artificio-no-sao-joao\/","title":{"rendered":"Corpo de Bombeiros alerta para manuseio de fogos de artif\u00edcio no S\u00e3o Jo\u00e3o"},"content":{"rendered":"\n<p><br>A tenente Priscila Paiva, do Corpo de Bombeiros de Campina Grande, alertou a popula\u00e7\u00e3o para o manuseio correto dos fogos de artif\u00edcio neste per\u00edodo de festejos juninos.<\/p>\n\n\n\n<p>Segundo ela, a primeira coisa que deve ser feita antes de comprar esses fogos \u00e9 ver a classifica\u00e7\u00e3o indicativa, principalmente os que s\u00e3o utilizados pelas crian\u00e7as, que devem seguir a faixa et\u00e1ria correta.<\/p>\n\n\n\n<figure class=\"wp-block-image\"><img decoding=\"async\" data-src=\"https:\/\/paraibaonline.com.br\/wp-content\/uploads\/2019\/06\/fogos-vendas1106.jpg\" alt=\"Foto: Reprodu\u00e7\u00e3o\" class=\"wp-image-743735 lazyload\" src=\"data:image\/svg+xml;base64,PHN2ZyB3aWR0aD0iMSIgaGVpZ2h0PSIxIiB4bWxucz0iaHR0cDovL3d3dy53My5vcmcvMjAwMC9zdmciPjwvc3ZnPg==\" \/><\/figure>\n\n\n\n<p>Foto: Reprodu\u00e7\u00e3o<\/p>\n\n\n\n<p>Al\u00e9m disso, o usu\u00e1rio deve observar na embalagem do produto se h\u00e1 o selo do Inmetro, e que as orienta\u00e7\u00f5es do manuseio devem ser seguidas corretamente, conforme recomenda o fabricante.<\/p>\n\n\n\n<p>A tenente tamb\u00e9m destacou que o uso de bebida alco\u00f3lica com o manuseio de fogos de artif\u00edcio \u00e9 muito perigoso, pois uma pessoa embriagada pode sofrer um grave acidente ao tentar soltar os artefatos, que precisam de cuidados redobrados e aten\u00e7\u00e3o.<\/p>\n","protected":false},"excerpt":{"rendered":"<p>A tenente Priscila Paiva, do Corpo de Bombeiros de Campina Grande, alertou a popula\u00e7\u00e3o para o manuseio correto dos fogos de artif\u00edcio neste per\u00edodo de&hellip; <\/p>\n","protected":false},"author":1,"featured_media":101488,"comment_status":"closed","ping_status":"closed","sticky":false,"template":"","format":"standard","meta":{"sfsi_plus_gutenberg_text_before_share":"","sfsi_plus_gutenberg_show_text_before_share":"","sfsi_plus_gutenberg_icon_type":"","sfsi_plus_gutenberg_icon_alignemt":"","sfsi_plus_gutenburg_max_per_row":"","footnotes":""},"categories":[2],"tags":[],"class_list":["post-101487","post","type-post","status-publish","format-standard","has-post-thumbnail","hentry","category-geral"],"_links":{"self":[{"href":"https:\/\/www.caririemacao.com\/1\/wp-json\/wp\/v2\/posts\/101487","targetHints":{"allow":["GET"]}}],"collection":[{"href":"https:\/\/www.caririemacao.com\/1\/wp-json\/wp\/v2\/posts"}],"about":[{"href":"https:\/\/www.caririemacao.com\/1\/wp-json\/wp\/v2\/types\/post"}],"author":[{"embeddable":true,"href":"https:\/\/www.caririemacao.com\/1\/wp-json\/wp\/v2\/users\/1"}],"replies":[{"embeddable":true,"href":"https:\/\/www.caririemacao.com\/1\/wp-json\/wp\/v2\/comments?post=101487"}],"version-history":[{"count":1,"href":"https:\/\/www.caririemacao.com\/1\/wp-json\/wp\/v2\/posts\/101487\/revisions"}],"predecessor-version":[{"id":101489,"href":"https:\/\/www.caririemacao.com\/1\/wp-json\/wp\/v2\/posts\/101487\/revisions\/101489"}],"wp:featuredmedia":[{"embeddable":true,"href":"https:\/\/www.caririemacao.com\/1\/wp-json\/wp\/v2\/media\/101488"}],"wp:attachment":[{"href":"https:\/\/www.caririemacao.com\/1\/wp-json\/wp\/v2\/media?parent=101487"}],"wp:term":[{"taxonomy":"category","embeddable":true,"href":"https:\/\/www.caririemacao.com\/1\/wp-json\/wp\/v2\/categories?post=101487"},{"taxonomy":"post_tag","embeddable":true,"href":"https:\/\/www.caririemacao.com\/1\/wp-json\/wp\/v2\/tags?post=101487"}],"curies":[{"name":"wp","href":"https:\/\/api.w.org\/{rel}","templated":true}]}}