{"id":101497,"date":"2019-06-21T13:41:56","date_gmt":"2019-06-21T16:41:56","guid":{"rendered":"http:\/\/www.caririemacao.com\/1\/?p=101497"},"modified":"2019-06-21T13:41:56","modified_gmt":"2019-06-21T16:41:56","slug":"na-paraiba-movimentos-farao-atos-em-apoio-a-moro-a-reforma-da-previdencia-e-ao-porte-de-armas","status":"publish","type":"post","link":"https:\/\/www.caririemacao.com\/1\/2019\/06\/21\/na-paraiba-movimentos-farao-atos-em-apoio-a-moro-a-reforma-da-previdencia-e-ao-porte-de-armas\/","title":{"rendered":"Na Para\u00edba: Movimentos far\u00e3o atos em apoio a Moro, \u00e0 reforma da Previd\u00eancia e ao porte de armas"},"content":{"rendered":"\n<p>No dia 30 de junho, \u00faltimo domingo do m\u00eas, ativistas de todo o Brasil v\u00e3o \u00e0s ruas novamente. Entre as pautas do movimento, est\u00e3o o apoio \u00e0 Lava Jato e a Sergio Moro, o armamento civil conforme disp\u00f5e o decreto do porte de arma de Jair Bolsonaro, a reforma da Previd\u00eancia como quer o ministro Paulo Guedes, o pacote anticrime do ministro S\u00e9rgio Moro, a CPI \u2018Lava Toga\u2019, o decreto do porte de armas feito pelo presidente Jair Bolsonaro (PSL), al\u00e9m da reforma administrativa.<\/p>\n\n\n\n<p>As manifesta\u00e7\u00f5es acontecem ap\u00f3s as recentes pol\u00eamicas envolvendo o ministro Sergio Moro e mensagens vazadas pelo site The Intercept, onde o ent\u00e3o juiz organizava estrat\u00e9gia com membros do Minist\u00e9rio P\u00fablico Federal que integram a for\u00e7a-tarefa da opera\u00e7\u00e3o.&nbsp;<\/p>\n\n\n\n<p>A presidente do movimento Direita Para\u00edba, Morgana Macena, informou que a Para\u00edba vai aderir ao ato, mas que os movimentos de direita no Estado, como Ordem dos Conservadores, Direita Volver, Vem Pra Rua, ainda ir\u00e3o se reunir para discutir e definir o evento na Para\u00edba.<\/p>\n\n\n\n<p>\u201cEstive em Bras\u00edlia em uma confer\u00eancia dos movimentos de direita, foram dois dias de confer\u00eancia, e as lideran\u00e7as nacionais, das quais eu fa\u00e7o parte, conclamamos o Brasil para essa mobiliza\u00e7\u00e3o dia 30. Mas como n\u00f3s estamos ainda no per\u00edodo de organiza\u00e7\u00e3o nacional, eu n\u00e3o tenho a legitimmidade para saber sobre a organiza\u00e7\u00e3o, porque isso n\u00e3o \u00e9 uma organiza\u00e7\u00e3o de um \u00fanico grupo\u201d, explicou Morgana. Ela acredita que no dia 23 j\u00e1 tenha essas defini\u00e7\u00f5es.&nbsp;<\/p>\n\n\n\n<p>Em Manaus (AM), os organizadores j\u00e1 divulgaram locais e hor\u00e1rios. Nas redes sociais, algumas pautas j\u00e1 foram divulgadas. Confira.<\/p>\n\n\n\n<p><strong>Pautas da manifesta\u00e7\u00e3o:<\/strong><\/p>\n\n\n\n<p>\u2013 Reforma da Previd\u00eancia do Ministro Paulo Guedes<\/p>\n\n\n\n<p>\u2013 Pacote Anti-Crime do S\u00e9rgio Moro<\/p>\n\n\n\n<p>\u2013 Apoio a Lava Jato<\/p>\n\n\n\n<p>\u2013 CPI Lava Toga<\/p>\n\n\n\n<p>\u2013 Direito a Posse de Armas<\/p>\n","protected":false},"excerpt":{"rendered":"<p>No dia 30 de junho, \u00faltimo domingo do m\u00eas, ativistas de todo o Brasil v\u00e3o \u00e0s ruas novamente. Entre as pautas do movimento, est\u00e3o o&hellip; <\/p>\n","protected":false},"author":1,"featured_media":101498,"comment_status":"closed","ping_status":"closed","sticky":false,"template":"","format":"standard","meta":{"sfsi_plus_gutenberg_text_before_share":"","sfsi_plus_gutenberg_show_text_before_share":"","sfsi_plus_gutenberg_icon_type":"","sfsi_plus_gutenberg_icon_alignemt":"","sfsi_plus_gutenburg_max_per_row":"","footnotes":""},"categories":[11],"tags":[],"class_list":["post-101497","post","type-post","status-publish","format-standard","has-post-thumbnail","hentry","category-politica"],"_links":{"self":[{"href":"https:\/\/www.caririemacao.com\/1\/wp-json\/wp\/v2\/posts\/101497","targetHints":{"allow":["GET"]}}],"collection":[{"href":"https:\/\/www.caririemacao.com\/1\/wp-json\/wp\/v2\/posts"}],"about":[{"href":"https:\/\/www.caririemacao.com\/1\/wp-json\/wp\/v2\/types\/post"}],"author":[{"embeddable":true,"href":"https:\/\/www.caririemacao.com\/1\/wp-json\/wp\/v2\/users\/1"}],"replies":[{"embeddable":true,"href":"https:\/\/www.caririemacao.com\/1\/wp-json\/wp\/v2\/comments?post=101497"}],"version-history":[{"count":1,"href":"https:\/\/www.caririemacao.com\/1\/wp-json\/wp\/v2\/posts\/101497\/revisions"}],"predecessor-version":[{"id":101499,"href":"https:\/\/www.caririemacao.com\/1\/wp-json\/wp\/v2\/posts\/101497\/revisions\/101499"}],"wp:featuredmedia":[{"embeddable":true,"href":"https:\/\/www.caririemacao.com\/1\/wp-json\/wp\/v2\/media\/101498"}],"wp:attachment":[{"href":"https:\/\/www.caririemacao.com\/1\/wp-json\/wp\/v2\/media?parent=101497"}],"wp:term":[{"taxonomy":"category","embeddable":true,"href":"https:\/\/www.caririemacao.com\/1\/wp-json\/wp\/v2\/categories?post=101497"},{"taxonomy":"post_tag","embeddable":true,"href":"https:\/\/www.caririemacao.com\/1\/wp-json\/wp\/v2\/tags?post=101497"}],"curies":[{"name":"wp","href":"https:\/\/api.w.org\/{rel}","templated":true}]}}