{"id":101514,"date":"2019-06-21T13:49:42","date_gmt":"2019-06-21T16:49:42","guid":{"rendered":"http:\/\/www.caririemacao.com\/1\/?p=101514"},"modified":"2019-06-21T13:49:42","modified_gmt":"2019-06-21T16:49:42","slug":"secretaria-de-educacao-de-amparo-realizou-eventos-juninos-nas-escolas-da-rede-municipal-de-ensino","status":"publish","type":"post","link":"https:\/\/www.caririemacao.com\/1\/2019\/06\/21\/secretaria-de-educacao-de-amparo-realizou-eventos-juninos-nas-escolas-da-rede-municipal-de-ensino\/","title":{"rendered":"Secretaria de Educa\u00e7\u00e3o de Amparo realizou eventos juninos nas Escolas da Rede Municipal de Ensino"},"content":{"rendered":"\n<p>A Secretaria de Educa\u00e7\u00e3o de Amparo em parceria com a escola Juvenal Ferreira de Brito e o Col\u00e9gio Ildefonso A. da Silva esteve realizando nessa semana o Arrai\u00e1 da Educa\u00e7\u00e3o, nos dias 18 e 19. O tema do Arrai\u00e1 desse ano foi \u201cRevivendo a Cultura de Nossas Vozes\u201d.<\/p>\n\n\n\n<figure class=\"wp-block-image\"><img decoding=\"async\" data-src=\"https:\/\/1.bp.blogspot.com\/-x4K7iyemvrg\/XQzfJ9kjVaI\/AAAAAAABBgc\/1QNRB5JbW60ZiDmS-NxixqR60wHr1xVhQCLcBGAs\/s640\/ARRAI%25C3%2581%2BDO%2BJUVENAL%2BFERREIRA%2BDE%2BBRITO%2B%2528186%2529.JPG\" alt=\"\" src=\"data:image\/svg+xml;base64,PHN2ZyB3aWR0aD0iMSIgaGVpZ2h0PSIxIiB4bWxucz0iaHR0cDovL3d3dy53My5vcmcvMjAwMC9zdmciPjwvc3ZnPg==\" class=\"lazyload\" \/><\/figure>\n\n\n\n<p>No dia 18 as apresenta\u00e7\u00f5es foram realizadas na Escola Juvenal F. de Brito, na parte da tarde com os alunos do Ensino Infantil e a noite com os alunos do EJA Municipal e Estadual onde os alunos fizeram apresenta\u00e7\u00f5es e tamb\u00e9m participaram da tradicional quadrilha junina.<\/p>\n\n\n\n<figure class=\"wp-block-image\"><img decoding=\"async\" data-src=\"https:\/\/1.bp.blogspot.com\/-zTsZ7SZjw5o\/XQzgeXAx-tI\/AAAAAAABBgk\/PhlJJYR1Pc4Wjue3vqayHGMZi7u0oA9PwCLcBGAs\/s640\/ARRAI%25C3%2581%2BDO%2BILDEFONSO%2BA%2BDA%2BSILVA%2B%2528283%2529.JPG\" alt=\"\" src=\"data:image\/svg+xml;base64,PHN2ZyB3aWR0aD0iMSIgaGVpZ2h0PSIxIiB4bWxucz0iaHR0cDovL3d3dy53My5vcmcvMjAwMC9zdmciPjwvc3ZnPg==\" class=\"lazyload\" \/><\/figure>\n\n\n\n<p>No dia 19, as apresenta\u00e7\u00f5es aconteceram na quadra do Col\u00e9gio Ildefonso A. da Silva, os alunos do maternal fizeram uma bela homenagem ao cantor Gabriel Diniz que faleceu esse ano vitima de acidente de avi\u00e3o, tamb\u00e9m foram homenageados nomes da cultura nordestina, como os cantores Jackson do Pandeiro, Dorgival Dantas, K\u00e1tia Cilene, Fagner, Alcimar Monteiro entre outros.<br>\u201cO objetivo maior das comemora\u00e7\u00f5es juninas \u00e9 manter as tradi\u00e7\u00f5es da nossa cultura nordestina, al\u00e9m de proporcionar um momento de descontra\u00e7\u00e3o entre os alunos Amparenses\u201d disse a Secretaria de Educa\u00e7\u00e3o Fabiana Feitosa.<\/p>\n\n\n\n<figure class=\"wp-block-image\"><a href=\"https:\/\/1.bp.blogspot.com\/-f_D3wmhYfYg\/XQzgvKA74II\/AAAAAAABBgs\/haaDyO3jyh8V0nEOOfzsR0aMafdQGk2ygCLcBGAs\/s1600\/WhatsApp%2BImage%2B2019-06-20%2Bat%2B7.30.56%2BAM.jpeg\"><img decoding=\"async\" data-src=\"https:\/\/1.bp.blogspot.com\/-f_D3wmhYfYg\/XQzgvKA74II\/AAAAAAABBgs\/haaDyO3jyh8V0nEOOfzsR0aMafdQGk2ygCLcBGAs\/s640\/WhatsApp%2BImage%2B2019-06-20%2Bat%2B7.30.56%2BAM.jpeg\" alt=\"\" src=\"data:image\/svg+xml;base64,PHN2ZyB3aWR0aD0iMSIgaGVpZ2h0PSIxIiB4bWxucz0iaHR0cDovL3d3dy53My5vcmcvMjAwMC9zdmciPjwvc3ZnPg==\" class=\"lazyload\" \/><\/a><\/figure>\n","protected":false},"excerpt":{"rendered":"<p>A Secretaria de Educa\u00e7\u00e3o de Amparo em parceria com a escola Juvenal Ferreira de Brito e o Col\u00e9gio Ildefonso A. da Silva esteve realizando nessa&hellip; <\/p>\n","protected":false},"author":1,"featured_media":101515,"comment_status":"closed","ping_status":"closed","sticky":false,"template":"","format":"standard","meta":{"sfsi_plus_gutenberg_text_before_share":"","sfsi_plus_gutenberg_show_text_before_share":"","sfsi_plus_gutenberg_icon_type":"","sfsi_plus_gutenberg_icon_alignemt":"","sfsi_plus_gutenburg_max_per_row":"","footnotes":""},"categories":[2],"tags":[],"class_list":["post-101514","post","type-post","status-publish","format-standard","has-post-thumbnail","hentry","category-geral"],"_links":{"self":[{"href":"https:\/\/www.caririemacao.com\/1\/wp-json\/wp\/v2\/posts\/101514","targetHints":{"allow":["GET"]}}],"collection":[{"href":"https:\/\/www.caririemacao.com\/1\/wp-json\/wp\/v2\/posts"}],"about":[{"href":"https:\/\/www.caririemacao.com\/1\/wp-json\/wp\/v2\/types\/post"}],"author":[{"embeddable":true,"href":"https:\/\/www.caririemacao.com\/1\/wp-json\/wp\/v2\/users\/1"}],"replies":[{"embeddable":true,"href":"https:\/\/www.caririemacao.com\/1\/wp-json\/wp\/v2\/comments?post=101514"}],"version-history":[{"count":1,"href":"https:\/\/www.caririemacao.com\/1\/wp-json\/wp\/v2\/posts\/101514\/revisions"}],"predecessor-version":[{"id":101516,"href":"https:\/\/www.caririemacao.com\/1\/wp-json\/wp\/v2\/posts\/101514\/revisions\/101516"}],"wp:featuredmedia":[{"embeddable":true,"href":"https:\/\/www.caririemacao.com\/1\/wp-json\/wp\/v2\/media\/101515"}],"wp:attachment":[{"href":"https:\/\/www.caririemacao.com\/1\/wp-json\/wp\/v2\/media?parent=101514"}],"wp:term":[{"taxonomy":"category","embeddable":true,"href":"https:\/\/www.caririemacao.com\/1\/wp-json\/wp\/v2\/categories?post=101514"},{"taxonomy":"post_tag","embeddable":true,"href":"https:\/\/www.caririemacao.com\/1\/wp-json\/wp\/v2\/tags?post=101514"}],"curies":[{"name":"wp","href":"https:\/\/api.w.org\/{rel}","templated":true}]}}