{"id":101525,"date":"2019-06-22T06:04:54","date_gmt":"2019-06-22T09:04:54","guid":{"rendered":"http:\/\/www.caririemacao.com\/1\/?p=101525"},"modified":"2019-06-22T06:04:54","modified_gmt":"2019-06-22T09:04:54","slug":"pgr-se-manifesta-no-stf-contra-pedido-de-lula-para-anular-acao-penal","status":"publish","type":"post","link":"https:\/\/www.caririemacao.com\/1\/2019\/06\/22\/pgr-se-manifesta-no-stf-contra-pedido-de-lula-para-anular-acao-penal\/","title":{"rendered":"PGR se manifesta no STF contra pedido de Lula para anular a\u00e7\u00e3o penal"},"content":{"rendered":"\n<p>A procuradora-geral da Rep\u00fablica, Raquel Dodge, encaminhou nesta sexta-feira (21) uma manifesta\u00e7\u00e3o ao Supremo Tribunal Federal (STF) na qual pede pelo indeferimento do pedido de anula\u00e7\u00e3o de a\u00e7\u00e3o penal que condenou o ex-presidente Luiz In\u00e1cio Lula da Silva a&nbsp;9 anos e seis meses de pris\u00e3o pelos crimes de corrup\u00e7\u00e3o passiva e lavagem de dinheiro. O novo pedido da defesa&nbsp;do ex-presidente foi baseado em supostas mensagens divulgadas pelo&nbsp;<em>site<\/em>&nbsp;The Intercept Brasil no dia 9&nbsp;de junho que alegam que o ent\u00e3o juiz federal e atual Ministro da Justi\u00e7a e Seguran\u00e7a P\u00fablica, S\u00e9rgio Moro, teria se comunicado com o Procurador da Rep\u00fablica e coordenador da Opera\u00e7\u00e3o Lava Jato&nbsp;em Curitiba, Deltan Dallagnol, por mensagens de texto.<\/p>\n\n\n\n<p>Para a Procuradoria Geral da Rep\u00fablica (PGR), n\u00e3o existe embasamento que justifique o pedido de suspei\u00e7\u00e3o&nbsp;(aus\u00eancia de imparcialidade)&nbsp;de Moro uma vez que a alega\u00e7\u00e3o da defesa tem base em fatos sobre os quais h\u00e1 d\u00favidas jur\u00eddicas. \u201c\u00c9&nbsp;que&nbsp;o material publicado&nbsp;pelo&nbsp;<em>site<\/em>&nbsp;The Intercept Brasil,&nbsp;a que se refere a peti\u00e7\u00e3o&nbsp;feita&nbsp;pela defesa do paciente, ainda&nbsp;n\u00e3o foi&nbsp;apresentado&nbsp;\u00e0s autoridades p\u00fablicas para que sua integridade seja aferida. Diante disso, a sua autenticidade n\u00e3o foi analisada e muito menos confirmada\u201d, destacou a procuradoria em documento.<\/p>\n\n\n\n<p>A manifesta\u00e7\u00e3o tamb\u00e9m menciona o fato de n\u00e3o ter sido averiguada se as mensagens foram \u201ccorrompidas, adulteradas ou se procedem em sua inteireza,&nbsp;de comunica\u00e7\u00f5es entre os interlocutores\u201d. Nesse caso, segundo a PGR, as mensagens possuem um \u201celevado grau de incerteza\u201d, o que impede que sejam usadas como evid\u00eancia da suspei\u00e7\u00e3o.<\/p>\n\n\n\n<p>No documento,&nbsp;a procuradora-geral tamb\u00e9m se mostrou preocupada&nbsp;de que as supostas mensagens tenham sido obtidas de maneira criminosa. Nesse caso, elas poderiam ferir&nbsp;a garantia \u00e0 privacidade das comunica\u00e7\u00f5es de&nbsp;autoridades como procuradores da Rep\u00fablica, ju\u00edzes e membros do Conselho Nacional do Minist\u00e9rio P\u00fablico (CNMP). \u201cTrata-se de grave e criminoso atentado contra o Estado e suas institui\u00e7\u00f5es que est\u00e1 sob a devida apura\u00e7\u00e3o pelos \u00f3rg\u00e3os competentes\u201d, diz a manifesta\u00e7\u00e3o.<\/p>\n","protected":false},"excerpt":{"rendered":"<p>A procuradora-geral da Rep\u00fablica, Raquel Dodge, encaminhou nesta sexta-feira (21) uma manifesta\u00e7\u00e3o ao Supremo Tribunal Federal (STF) na qual pede pelo indeferimento do pedido de&hellip; <\/p>\n","protected":false},"author":1,"featured_media":49761,"comment_status":"closed","ping_status":"closed","sticky":false,"template":"","format":"standard","meta":{"sfsi_plus_gutenberg_text_before_share":"","sfsi_plus_gutenberg_show_text_before_share":"","sfsi_plus_gutenberg_icon_type":"","sfsi_plus_gutenberg_icon_alignemt":"","sfsi_plus_gutenburg_max_per_row":"","footnotes":""},"categories":[11],"tags":[],"class_list":["post-101525","post","type-post","status-publish","format-standard","has-post-thumbnail","hentry","category-politica"],"_links":{"self":[{"href":"https:\/\/www.caririemacao.com\/1\/wp-json\/wp\/v2\/posts\/101525","targetHints":{"allow":["GET"]}}],"collection":[{"href":"https:\/\/www.caririemacao.com\/1\/wp-json\/wp\/v2\/posts"}],"about":[{"href":"https:\/\/www.caririemacao.com\/1\/wp-json\/wp\/v2\/types\/post"}],"author":[{"embeddable":true,"href":"https:\/\/www.caririemacao.com\/1\/wp-json\/wp\/v2\/users\/1"}],"replies":[{"embeddable":true,"href":"https:\/\/www.caririemacao.com\/1\/wp-json\/wp\/v2\/comments?post=101525"}],"version-history":[{"count":1,"href":"https:\/\/www.caririemacao.com\/1\/wp-json\/wp\/v2\/posts\/101525\/revisions"}],"predecessor-version":[{"id":101526,"href":"https:\/\/www.caririemacao.com\/1\/wp-json\/wp\/v2\/posts\/101525\/revisions\/101526"}],"wp:featuredmedia":[{"embeddable":true,"href":"https:\/\/www.caririemacao.com\/1\/wp-json\/wp\/v2\/media\/49761"}],"wp:attachment":[{"href":"https:\/\/www.caririemacao.com\/1\/wp-json\/wp\/v2\/media?parent=101525"}],"wp:term":[{"taxonomy":"category","embeddable":true,"href":"https:\/\/www.caririemacao.com\/1\/wp-json\/wp\/v2\/categories?post=101525"},{"taxonomy":"post_tag","embeddable":true,"href":"https:\/\/www.caririemacao.com\/1\/wp-json\/wp\/v2\/tags?post=101525"}],"curies":[{"name":"wp","href":"https:\/\/api.w.org\/{rel}","templated":true}]}}