{"id":101528,"date":"2019-06-22T06:06:45","date_gmt":"2019-06-22T09:06:45","guid":{"rendered":"http:\/\/www.caririemacao.com\/1\/?p=101528"},"modified":"2019-06-22T06:06:45","modified_gmt":"2019-06-22T09:06:45","slug":"homem-e-preso-por-trafico-de-drogas-e-crime-ambiental-em-cidade-do-cariri","status":"publish","type":"post","link":"https:\/\/www.caririemacao.com\/1\/2019\/06\/22\/homem-e-preso-por-trafico-de-drogas-e-crime-ambiental-em-cidade-do-cariri\/","title":{"rendered":"Homem \u00e9 preso por tr\u00e1fico de drogas e crime ambiental em cidade do Cariri"},"content":{"rendered":"\n<p>A ROTAM da Pol\u00edcia Militar de Monteiro recebeu informa\u00e7\u00f5es atrav\u00e9s de den\u00fancias, de um ponto de tr\u00e1fico de drogas no Bairro&nbsp;Alto do cemit\u00e9rio, no munic\u00edpio de Monteiro, Cariri Paraibano.De acordo com a pr\u00f3pria policia militar, ao chegar no local em uma resid\u00eancia, foram encontradas por\u00e7\u00f5es \u201ctrouxinhas\u201d de subst\u00e2ncia semelhante a maconha, al\u00e9m de p\u00e1ssaros em gaiolas na \u00e1rea da resid\u00eancia.O acusado foi identificado por Jos\u00e9 Carlos foi conduzido a 14\u00aa DSPC da cidade de Monteiro para que serem tomadas as medidas cab\u00edveis.&nbsp;Al\u00e9m das drogas e dos p\u00e1ssaros, foram encontrados cinco&nbsp;celulares e uma quantia em dinheiro.<strong>De Olho no Cariri<\/strong><\/p>\n","protected":false},"excerpt":{"rendered":"<p>A ROTAM da Pol\u00edcia Militar de Monteiro recebeu informa\u00e7\u00f5es atrav\u00e9s de den\u00fancias, de um ponto de tr\u00e1fico de drogas no Bairro&nbsp;Alto do cemit\u00e9rio, no munic\u00edpio&hellip; <\/p>\n","protected":false},"author":1,"featured_media":101529,"comment_status":"closed","ping_status":"closed","sticky":false,"template":"","format":"standard","meta":{"sfsi_plus_gutenberg_text_before_share":"","sfsi_plus_gutenberg_show_text_before_share":"","sfsi_plus_gutenberg_icon_type":"","sfsi_plus_gutenberg_icon_alignemt":"","sfsi_plus_gutenburg_max_per_row":"","footnotes":""},"categories":[12],"tags":[],"class_list":["post-101528","post","type-post","status-publish","format-standard","has-post-thumbnail","hentry","category-policia"],"_links":{"self":[{"href":"https:\/\/www.caririemacao.com\/1\/wp-json\/wp\/v2\/posts\/101528","targetHints":{"allow":["GET"]}}],"collection":[{"href":"https:\/\/www.caririemacao.com\/1\/wp-json\/wp\/v2\/posts"}],"about":[{"href":"https:\/\/www.caririemacao.com\/1\/wp-json\/wp\/v2\/types\/post"}],"author":[{"embeddable":true,"href":"https:\/\/www.caririemacao.com\/1\/wp-json\/wp\/v2\/users\/1"}],"replies":[{"embeddable":true,"href":"https:\/\/www.caririemacao.com\/1\/wp-json\/wp\/v2\/comments?post=101528"}],"version-history":[{"count":1,"href":"https:\/\/www.caririemacao.com\/1\/wp-json\/wp\/v2\/posts\/101528\/revisions"}],"predecessor-version":[{"id":101530,"href":"https:\/\/www.caririemacao.com\/1\/wp-json\/wp\/v2\/posts\/101528\/revisions\/101530"}],"wp:featuredmedia":[{"embeddable":true,"href":"https:\/\/www.caririemacao.com\/1\/wp-json\/wp\/v2\/media\/101529"}],"wp:attachment":[{"href":"https:\/\/www.caririemacao.com\/1\/wp-json\/wp\/v2\/media?parent=101528"}],"wp:term":[{"taxonomy":"category","embeddable":true,"href":"https:\/\/www.caririemacao.com\/1\/wp-json\/wp\/v2\/categories?post=101528"},{"taxonomy":"post_tag","embeddable":true,"href":"https:\/\/www.caririemacao.com\/1\/wp-json\/wp\/v2\/tags?post=101528"}],"curies":[{"name":"wp","href":"https:\/\/api.w.org\/{rel}","templated":true}]}}