{"id":101533,"date":"2019-06-22T06:10:04","date_gmt":"2019-06-22T09:10:04","guid":{"rendered":"http:\/\/www.caririemacao.com\/1\/?p=101533"},"modified":"2019-06-22T06:10:04","modified_gmt":"2019-06-22T09:10:04","slug":"brasil-classifica-oito-atletas-para-as-oitavas-no-mundial-de-surfe","status":"publish","type":"post","link":"https:\/\/www.caririemacao.com\/1\/2019\/06\/22\/brasil-classifica-oito-atletas-para-as-oitavas-no-mundial-de-surfe\/","title":{"rendered":"Brasil classifica oito atletas para as oitavas no Mundial de Surfe"},"content":{"rendered":"\n<p>Em ondas fortes que chegaram a 2 metros de altura na Praia de Ita\u00fana, em Saquarema, cinco brasileiros conquistaram vaga para as oitavas de final da etapa brasileira do Circuito Mundial de surfe.&nbsp;<\/p>\n\n\n\n<p>O bicampe\u00e3o do mundo Gabriel Medina foi o \u00faltimo a conseguir a classifica\u00e7\u00e3o, ao derrotar Jadson Andr\u00e9 na bateria de encerramento da terceira rodada da competi\u00e7\u00e3o, na tarde desta sexta-feira (21). Mais cedo, Filipe Toledo, vencedor da etapa no ano passado, derrotou o campe\u00e3o mundial de 2015, Adriano de Souza, que retornou \u00e0s competi\u00e7\u00f5es ap\u00f3s sete meses afastado do esporte por les\u00e3o. Al\u00e9m de Filipe e Gabriel, Deivid Silva, Jess\u00e9 Mendes e Michael Rodrigues tamb\u00e9m venceram suas respectivas baterias e disputam as oitavas de final neste s\u00e1bado.<\/p>\n\n\n\n<p>Outros campe\u00f5es do mundo, que est\u00e3o entre os 16 surfistas classificados, s\u00e3o John John Florence (Hava\u00ed), bicampe\u00e3o, e Kelly Slater (EUA), que aos 47 anos ainda \u00e9 recordista do esporte com 11 t\u00edtulos. Kelly e Filipe Toledo se enfrentam na bateria de abertura das oitavas de final.<\/p>\n\n\n\n<p>No feminino, as tr\u00eas surfistas brasileiras seguem na competi\u00e7\u00e3o. Tain\u00e1 Hinckel venceu sua bateria de repescagem para se classificar para as oitavas de final junto com a sete vezes campe\u00e3 Stephanie Gilmore (Austr\u00e1lia), que avan\u00e7ou em segundo. Agora Tain\u00e1 ter\u00e1 o desafio de vencer a tricampe\u00e3 Carissa Moore (Hava\u00ed). Silvana Lima e Tatiana Weston-Webb, que venceram suas baterias na primeira rodada, n\u00e3o precisaram competir hoje.&nbsp;<\/p>\n","protected":false},"excerpt":{"rendered":"<p>Em ondas fortes que chegaram a 2 metros de altura na Praia de Ita\u00fana, em Saquarema, cinco brasileiros conquistaram vaga para as oitavas de final&hellip; <\/p>\n","protected":false},"author":1,"featured_media":101534,"comment_status":"closed","ping_status":"closed","sticky":false,"template":"","format":"standard","meta":{"sfsi_plus_gutenberg_text_before_share":"","sfsi_plus_gutenberg_show_text_before_share":"","sfsi_plus_gutenberg_icon_type":"","sfsi_plus_gutenberg_icon_alignemt":"","sfsi_plus_gutenburg_max_per_row":"","footnotes":""},"categories":[13],"tags":[],"class_list":["post-101533","post","type-post","status-publish","format-standard","has-post-thumbnail","hentry","category-esportes"],"_links":{"self":[{"href":"https:\/\/www.caririemacao.com\/1\/wp-json\/wp\/v2\/posts\/101533","targetHints":{"allow":["GET"]}}],"collection":[{"href":"https:\/\/www.caririemacao.com\/1\/wp-json\/wp\/v2\/posts"}],"about":[{"href":"https:\/\/www.caririemacao.com\/1\/wp-json\/wp\/v2\/types\/post"}],"author":[{"embeddable":true,"href":"https:\/\/www.caririemacao.com\/1\/wp-json\/wp\/v2\/users\/1"}],"replies":[{"embeddable":true,"href":"https:\/\/www.caririemacao.com\/1\/wp-json\/wp\/v2\/comments?post=101533"}],"version-history":[{"count":1,"href":"https:\/\/www.caririemacao.com\/1\/wp-json\/wp\/v2\/posts\/101533\/revisions"}],"predecessor-version":[{"id":101535,"href":"https:\/\/www.caririemacao.com\/1\/wp-json\/wp\/v2\/posts\/101533\/revisions\/101535"}],"wp:featuredmedia":[{"embeddable":true,"href":"https:\/\/www.caririemacao.com\/1\/wp-json\/wp\/v2\/media\/101534"}],"wp:attachment":[{"href":"https:\/\/www.caririemacao.com\/1\/wp-json\/wp\/v2\/media?parent=101533"}],"wp:term":[{"taxonomy":"category","embeddable":true,"href":"https:\/\/www.caririemacao.com\/1\/wp-json\/wp\/v2\/categories?post=101533"},{"taxonomy":"post_tag","embeddable":true,"href":"https:\/\/www.caririemacao.com\/1\/wp-json\/wp\/v2\/tags?post=101533"}],"curies":[{"name":"wp","href":"https:\/\/api.w.org\/{rel}","templated":true}]}}