{"id":101538,"date":"2019-06-22T06:13:04","date_gmt":"2019-06-22T09:13:04","guid":{"rendered":"http:\/\/www.caririemacao.com\/1\/?p=101538"},"modified":"2019-06-22T06:13:04","modified_gmt":"2019-06-22T09:13:04","slug":"policia-civil-prende-homem-acusado-de-estuprar-nora","status":"publish","type":"post","link":"https:\/\/www.caririemacao.com\/1\/2019\/06\/22\/policia-civil-prende-homem-acusado-de-estuprar-nora\/","title":{"rendered":"Pol\u00edcia Civil prende homem acusado de estuprar nora"},"content":{"rendered":"\n<p>Um homem foi preso, nesta sexta-feira (21), suspeito de estuprar a nora no munic\u00edpio de Santa Rita. O abuso tamb\u00e9m aconteceu hoje e a v\u00edtima logo fez a den\u00fancia.<\/p>\n\n\n\n<p>De acordo com o rep\u00f3rter Washington Luiz, da Tv Arapuan, o suspeito aproveitou que o filho foi \u00e0 Campina Grande trabalhar na montagem de palcos para os festejos juninos e agrediu a mulher de forma violenta, chegando a mutilar a parte \u00edntima da v\u00edtima, que ainda tentou evitar o estupro.<\/p>\n\n\n\n<p>A mulher foi encaminhada a uma maternidade, onde fez exames e precisou tomar medicamentos para evitar gravidez e doen\u00e7as sexualmente transmiss\u00edveis. O suspeito foi preso e encaminhado para a Central da Pol\u00edcia Civil, em Jo\u00e3o Pessoa.<\/p>\n\n\n\n<p><strong>MaisPB<\/strong><\/p>\n","protected":false},"excerpt":{"rendered":"<p>Um homem foi preso, nesta sexta-feira (21), suspeito de estuprar a nora no munic\u00edpio de Santa Rita. O abuso tamb\u00e9m aconteceu hoje e a v\u00edtima&hellip; <\/p>\n","protected":false},"author":1,"featured_media":69371,"comment_status":"closed","ping_status":"closed","sticky":false,"template":"","format":"standard","meta":{"sfsi_plus_gutenberg_text_before_share":"","sfsi_plus_gutenberg_show_text_before_share":"","sfsi_plus_gutenberg_icon_type":"","sfsi_plus_gutenberg_icon_alignemt":"","sfsi_plus_gutenburg_max_per_row":"","footnotes":""},"categories":[12],"tags":[],"class_list":["post-101538","post","type-post","status-publish","format-standard","has-post-thumbnail","hentry","category-policia"],"_links":{"self":[{"href":"https:\/\/www.caririemacao.com\/1\/wp-json\/wp\/v2\/posts\/101538","targetHints":{"allow":["GET"]}}],"collection":[{"href":"https:\/\/www.caririemacao.com\/1\/wp-json\/wp\/v2\/posts"}],"about":[{"href":"https:\/\/www.caririemacao.com\/1\/wp-json\/wp\/v2\/types\/post"}],"author":[{"embeddable":true,"href":"https:\/\/www.caririemacao.com\/1\/wp-json\/wp\/v2\/users\/1"}],"replies":[{"embeddable":true,"href":"https:\/\/www.caririemacao.com\/1\/wp-json\/wp\/v2\/comments?post=101538"}],"version-history":[{"count":1,"href":"https:\/\/www.caririemacao.com\/1\/wp-json\/wp\/v2\/posts\/101538\/revisions"}],"predecessor-version":[{"id":101539,"href":"https:\/\/www.caririemacao.com\/1\/wp-json\/wp\/v2\/posts\/101538\/revisions\/101539"}],"wp:featuredmedia":[{"embeddable":true,"href":"https:\/\/www.caririemacao.com\/1\/wp-json\/wp\/v2\/media\/69371"}],"wp:attachment":[{"href":"https:\/\/www.caririemacao.com\/1\/wp-json\/wp\/v2\/media?parent=101538"}],"wp:term":[{"taxonomy":"category","embeddable":true,"href":"https:\/\/www.caririemacao.com\/1\/wp-json\/wp\/v2\/categories?post=101538"},{"taxonomy":"post_tag","embeddable":true,"href":"https:\/\/www.caririemacao.com\/1\/wp-json\/wp\/v2\/tags?post=101538"}],"curies":[{"name":"wp","href":"https:\/\/api.w.org\/{rel}","templated":true}]}}