{"id":101542,"date":"2019-06-22T06:14:56","date_gmt":"2019-06-22T09:14:56","guid":{"rendered":"http:\/\/www.caririemacao.com\/1\/?p=101542"},"modified":"2019-06-22T06:14:56","modified_gmt":"2019-06-22T09:14:56","slug":"cbf-recebe-aval-do-mp-e-confirma-bota-pb-x-treze-com-presenca-de-torcida","status":"publish","type":"post","link":"https:\/\/www.caririemacao.com\/1\/2019\/06\/22\/cbf-recebe-aval-do-mp-e-confirma-bota-pb-x-treze-com-presenca-de-torcida\/","title":{"rendered":"CBF recebe aval do MP e confirma Bota-PB x Treze com presen\u00e7a de torcida"},"content":{"rendered":"\n<p><br>O primeiro Cl\u00e1ssico Tradi\u00e7\u00e3o de 2019 n\u00e3o corre mais o risco de acontecer sem presen\u00e7a de p\u00fablico.<\/p>\n\n\n\n<p>Nesta sexta-feira (21) a Confedera\u00e7\u00e3o Brasileira de Futebol (CBF) confirmou que a partida entre Botafogo-PB e Treze, marcada para as 20h de segunda-feira, no Almeid\u00e3o, pela nona rodada do Grupo A da S\u00e9rie C do Campeonato Brasileiro, vai contar com a participa\u00e7\u00e3o dos torcedores.<\/p>\n\n\n\n<figure class=\"wp-block-image\"><img decoding=\"async\" data-src=\"https:\/\/paraibaonline.com.br\/wp-content\/uploads\/2019\/05\/Almeidao.jpg\" alt=\"\" class=\"wp-image-735715 lazyload\" src=\"data:image\/svg+xml;base64,PHN2ZyB3aWR0aD0iMSIgaGVpZ2h0PSIxIiB4bWxucz0iaHR0cDovL3d3dy53My5vcmcvMjAwMC9zdmciPjwvc3ZnPg==\" \/><\/figure>\n\n\n\n<p>Foto: Voz da Torcida<\/p>\n\n\n\n<p>O aval foi do Minist\u00e9rio P\u00fablico da Para\u00edba. Apesar da libera\u00e7\u00e3o para essa partida, para que o est\u00e1dio siga sediando jogos do Botafogo-PB pela S\u00e9rie C \u00e9 preciso que os laudos das institui\u00e7\u00f5es que fiscalizam as condi\u00e7\u00f5es da pra\u00e7a esportiva sejam atualizados.<\/p>\n\n\n\n<p>De acordo com informa\u00e7\u00f5es de bastidores, ainda falta ser enviado para a CBF uma atualiza\u00e7\u00e3o do laudo de engenharia do est\u00e1dio.<\/p>\n\n\n\n<p>Esse ser\u00e1 o primeiro cl\u00e1ssico entre Treze e Botafogo-PB no ano. As duas equipes n\u00e3o se enfrentaram no Campeonato Paraibano.<\/p>\n\n\n\n<p>Na primeira fase, os dois estavam no mesmo grupo e, por for\u00e7a de regulamento, n\u00e3o se confrontaram. Como o Treze n\u00e3o passou de fase no estadual, o duelo entre os dois times foi adiado para a S\u00e9rie C.<\/p>\n\n\n\n<p>A primeira partida acontece nesta segunda-feira, em Jo\u00e3o Pessoa. Na \u00faltima rodada da primeira fase da terceira divis\u00e3o, ser\u00e1 a vez do Galo receber o Belo em Campina Grande, no dia 25 de agosto.<\/p>\n","protected":false},"excerpt":{"rendered":"<p>O primeiro Cl\u00e1ssico Tradi\u00e7\u00e3o de 2019 n\u00e3o corre mais o risco de acontecer sem presen\u00e7a de p\u00fablico. Nesta sexta-feira (21) a Confedera\u00e7\u00e3o Brasileira de Futebol&hellip; <\/p>\n","protected":false},"author":1,"featured_media":101543,"comment_status":"closed","ping_status":"closed","sticky":false,"template":"","format":"standard","meta":{"sfsi_plus_gutenberg_text_before_share":"","sfsi_plus_gutenberg_show_text_before_share":"","sfsi_plus_gutenberg_icon_type":"","sfsi_plus_gutenberg_icon_alignemt":"","sfsi_plus_gutenburg_max_per_row":"","footnotes":""},"categories":[13],"tags":[],"class_list":["post-101542","post","type-post","status-publish","format-standard","has-post-thumbnail","hentry","category-esportes"],"_links":{"self":[{"href":"https:\/\/www.caririemacao.com\/1\/wp-json\/wp\/v2\/posts\/101542","targetHints":{"allow":["GET"]}}],"collection":[{"href":"https:\/\/www.caririemacao.com\/1\/wp-json\/wp\/v2\/posts"}],"about":[{"href":"https:\/\/www.caririemacao.com\/1\/wp-json\/wp\/v2\/types\/post"}],"author":[{"embeddable":true,"href":"https:\/\/www.caririemacao.com\/1\/wp-json\/wp\/v2\/users\/1"}],"replies":[{"embeddable":true,"href":"https:\/\/www.caririemacao.com\/1\/wp-json\/wp\/v2\/comments?post=101542"}],"version-history":[{"count":1,"href":"https:\/\/www.caririemacao.com\/1\/wp-json\/wp\/v2\/posts\/101542\/revisions"}],"predecessor-version":[{"id":101544,"href":"https:\/\/www.caririemacao.com\/1\/wp-json\/wp\/v2\/posts\/101542\/revisions\/101544"}],"wp:featuredmedia":[{"embeddable":true,"href":"https:\/\/www.caririemacao.com\/1\/wp-json\/wp\/v2\/media\/101543"}],"wp:attachment":[{"href":"https:\/\/www.caririemacao.com\/1\/wp-json\/wp\/v2\/media?parent=101542"}],"wp:term":[{"taxonomy":"category","embeddable":true,"href":"https:\/\/www.caririemacao.com\/1\/wp-json\/wp\/v2\/categories?post=101542"},{"taxonomy":"post_tag","embeddable":true,"href":"https:\/\/www.caririemacao.com\/1\/wp-json\/wp\/v2\/tags?post=101542"}],"curies":[{"name":"wp","href":"https:\/\/api.w.org\/{rel}","templated":true}]}}