{"id":101550,"date":"2019-06-22T06:23:02","date_gmt":"2019-06-22T09:23:02","guid":{"rendered":"http:\/\/www.caririemacao.com\/1\/?p=101550"},"modified":"2019-06-22T06:23:02","modified_gmt":"2019-06-22T09:23:02","slug":"adriano-galdino-participa-de-abertura-do-sao-joao-de-monteiro-nesta-sexta-21-e-destaca-estrutura-da-festa","status":"publish","type":"post","link":"https:\/\/www.caririemacao.com\/1\/2019\/06\/22\/adriano-galdino-participa-de-abertura-do-sao-joao-de-monteiro-nesta-sexta-21-e-destaca-estrutura-da-festa\/","title":{"rendered":"Adriano Galdino participa de abertura do S\u00e3o Jo\u00e3o de Monteiro nesta sexta (21) e destaca estrutura da festa"},"content":{"rendered":"\n<p>O presidente da Assembleia Legislativa da Para\u00edba, Adriano Galdino (PSB) prestigiou a abertura dos festejos juninos do munic\u00edpio de Monteiro, no Cariri paraibano, na noite desta sexta-feira (21). Recebido pela prefeita Anna Lorena, acompanhada do marido Felipe Lago, o deputado destacou a grandiosidade da festa.<\/p>\n\n\n\n<p>\u201cMonteiro \u00e9 uma cidade que sempre se destacou pela educa\u00e7\u00e3o, pelo forr\u00f3 e a cultura, a poesia. Daqui sa\u00edram e ainda est\u00e3o grandes artistas que orgulham o Nordeste e o Brasil, fiquei impressionado com a estrutura que encontrei aqui montada e parabenizo a organiza\u00e7\u00e3o. Agrade\u00e7o a receptividade da prefeita, dos vereadores e dos monteirenses, um povo forte e animado que representam t\u00e3o bem o esp\u00edrito dos festejos juninos\u201d, disse.<\/p>\n\n\n\n<p>A festa come\u00e7ou \u00e0 tarde com apresenta\u00e7\u00e3o de trios de forr\u00f3, de atra\u00e7\u00f5es da regi\u00e3o, como o conhecido Sussa de Monteiro e \u00e0 noite aconteceram os shows das cantora Solange Almeida e S\u00e2mia e outras atra\u00e7\u00f5es.<\/p>\n\n\n\n<figure class=\"wp-block-image\"><img decoding=\"async\" data-src=\"http:\/\/paraibadebate.com.br\/wp-content\/uploads\/2019\/06\/IMG-20190622-WA0018-1024x768.jpg\" alt=\"\" class=\"wp-image-87583 lazyload\" src=\"data:image\/svg+xml;base64,PHN2ZyB3aWR0aD0iMSIgaGVpZ2h0PSIxIiB4bWxucz0iaHR0cDovL3d3dy53My5vcmcvMjAwMC9zdmciPjwvc3ZnPg==\" style=\"--smush-placeholder-width: 1024px; --smush-placeholder-aspect-ratio: 1024\/768;\" \/><\/figure>\n\n\n\n<p>O evento se classifica como o segundo maior do Estado da Para\u00edba, ficando atr\u00e1s apenas de Campina Grande, considerando as atra\u00e7\u00f5es e a estrutura f\u00edsica, com destaque para o palco que tem dois pain\u00e9is de LED nas laterias e uma passarela para deixar os artistas mais pr\u00f3ximos ao p\u00fablico e sonoriza\u00e7\u00e3o digital.<\/p>\n","protected":false},"excerpt":{"rendered":"<p>O presidente da Assembleia Legislativa da Para\u00edba, Adriano Galdino (PSB) prestigiou a abertura dos festejos juninos do munic\u00edpio de Monteiro, no Cariri paraibano, na noite&hellip; <\/p>\n","protected":false},"author":1,"featured_media":101552,"comment_status":"closed","ping_status":"closed","sticky":false,"template":"","format":"standard","meta":{"sfsi_plus_gutenberg_text_before_share":"","sfsi_plus_gutenberg_show_text_before_share":"","sfsi_plus_gutenberg_icon_type":"","sfsi_plus_gutenberg_icon_alignemt":"","sfsi_plus_gutenburg_max_per_row":"","footnotes":""},"categories":[11],"tags":[],"class_list":["post-101550","post","type-post","status-publish","format-standard","has-post-thumbnail","hentry","category-politica"],"_links":{"self":[{"href":"https:\/\/www.caririemacao.com\/1\/wp-json\/wp\/v2\/posts\/101550","targetHints":{"allow":["GET"]}}],"collection":[{"href":"https:\/\/www.caririemacao.com\/1\/wp-json\/wp\/v2\/posts"}],"about":[{"href":"https:\/\/www.caririemacao.com\/1\/wp-json\/wp\/v2\/types\/post"}],"author":[{"embeddable":true,"href":"https:\/\/www.caririemacao.com\/1\/wp-json\/wp\/v2\/users\/1"}],"replies":[{"embeddable":true,"href":"https:\/\/www.caririemacao.com\/1\/wp-json\/wp\/v2\/comments?post=101550"}],"version-history":[{"count":1,"href":"https:\/\/www.caririemacao.com\/1\/wp-json\/wp\/v2\/posts\/101550\/revisions"}],"predecessor-version":[{"id":101553,"href":"https:\/\/www.caririemacao.com\/1\/wp-json\/wp\/v2\/posts\/101550\/revisions\/101553"}],"wp:featuredmedia":[{"embeddable":true,"href":"https:\/\/www.caririemacao.com\/1\/wp-json\/wp\/v2\/media\/101552"}],"wp:attachment":[{"href":"https:\/\/www.caririemacao.com\/1\/wp-json\/wp\/v2\/media?parent=101550"}],"wp:term":[{"taxonomy":"category","embeddable":true,"href":"https:\/\/www.caririemacao.com\/1\/wp-json\/wp\/v2\/categories?post=101550"},{"taxonomy":"post_tag","embeddable":true,"href":"https:\/\/www.caririemacao.com\/1\/wp-json\/wp\/v2\/tags?post=101550"}],"curies":[{"name":"wp","href":"https:\/\/api.w.org\/{rel}","templated":true}]}}