{"id":101558,"date":"2019-06-22T06:24:38","date_gmt":"2019-06-22T09:24:38","guid":{"rendered":"http:\/\/www.caririemacao.com\/1\/?p=101558"},"modified":"2019-06-22T06:24:38","modified_gmt":"2019-06-22T09:24:38","slug":"curioso-mulher-e-marido-morrem-quase-na-mesma-hora-em-sao-jose-de-espinharas","status":"publish","type":"post","link":"https:\/\/www.caririemacao.com\/1\/2019\/06\/22\/curioso-mulher-e-marido-morrem-quase-na-mesma-hora-em-sao-jose-de-espinharas\/","title":{"rendered":"CURIOSO: Mulher e marido morrem quase na mesma hora em S\u00e3o Jos\u00e9 de Espinharas"},"content":{"rendered":"\n<p>A agricultora aposentada Adelsiva Medeiros da Silva, conhecida por \u201cPreta\u201d, de 90 anos, foi encontrada morta em sua cama por volta das 5h desta sexta-feira (21). Morreu durante o sono, na madrugada. Tr\u00eas horas depois, por volta das 8h, o marido dela, o agricultor aposentado Ant\u00f4nio Andr\u00e9 Medeiros Silva, 90 anos, tamb\u00e9m morreu. Os dois moravam a 65 anos juntos e morreram em S\u00e3o Jos\u00e9 de Espinharas, no Sert\u00e3o.<\/p>\n\n\n\n<p>O vel\u00f3rio acontece na Rua Get\u00falio Vargas, no centro da cidade. O casal j\u00e1 estava bastante doente, usavam cadeiras de rodas. Seu Ant\u00f4nio havia sido v\u00edtima de uma trombose e sua sa\u00fade j\u00e1 estava bastante debilitada. Adelsiva tamb\u00e9m vivia na cadeira de rodas, com problemas da velhice. \u201cPor volta da meia-noite ainda dei \u00e1gua a ela, que parecia bem\u201d, disse o filho Ednaldo, que dormia com a m\u00e3e.<\/p>\n\n\n\n<p>O casal deixa sete filhos, Ednaldo, Erivaldo, Jos\u00e9 Humberto, Rivaldo, Neroaldo, Maria Erineide e Maria L\u00facia. A fam\u00edlia decidiu que cada um ser\u00e1 sepultado em sua terra natal. Seu Ant\u00f4nio ser\u00e1 sepultado \u00e0s 16 horas deste s\u00e1bado (22), no Cemit\u00e9rio de S\u00e3o Jos\u00e9 de Espinharas. Mas Adelsiva ser\u00e1 sepultada em Patos, \u00e0s 17h, tamb\u00e9m neste s\u00e1bado, no Cemit\u00e9rio Santo Ant\u00f4nio, no bairro Monte Castelo.<\/p>\n\n\n\n<p>Em mar\u00e7o deste ano, um fato semelhante aconteceu no mesmo munic\u00edpio, quando neto e av\u00f4 morreram&nbsp; praticamente na mesma hora.&nbsp;<\/p>\n","protected":false},"excerpt":{"rendered":"<p>A agricultora aposentada Adelsiva Medeiros da Silva, conhecida por \u201cPreta\u201d, de 90 anos, foi encontrada morta em sua cama por volta das 5h desta sexta-feira&hellip; <\/p>\n","protected":false},"author":1,"featured_media":101561,"comment_status":"closed","ping_status":"closed","sticky":false,"template":"","format":"standard","meta":{"sfsi_plus_gutenberg_text_before_share":"","sfsi_plus_gutenberg_show_text_before_share":"","sfsi_plus_gutenberg_icon_type":"","sfsi_plus_gutenberg_icon_alignemt":"","sfsi_plus_gutenburg_max_per_row":"","footnotes":""},"categories":[6],"tags":[],"class_list":["post-101558","post","type-post","status-publish","format-standard","has-post-thumbnail","hentry","category-cidades"],"_links":{"self":[{"href":"https:\/\/www.caririemacao.com\/1\/wp-json\/wp\/v2\/posts\/101558","targetHints":{"allow":["GET"]}}],"collection":[{"href":"https:\/\/www.caririemacao.com\/1\/wp-json\/wp\/v2\/posts"}],"about":[{"href":"https:\/\/www.caririemacao.com\/1\/wp-json\/wp\/v2\/types\/post"}],"author":[{"embeddable":true,"href":"https:\/\/www.caririemacao.com\/1\/wp-json\/wp\/v2\/users\/1"}],"replies":[{"embeddable":true,"href":"https:\/\/www.caririemacao.com\/1\/wp-json\/wp\/v2\/comments?post=101558"}],"version-history":[{"count":1,"href":"https:\/\/www.caririemacao.com\/1\/wp-json\/wp\/v2\/posts\/101558\/revisions"}],"predecessor-version":[{"id":101562,"href":"https:\/\/www.caririemacao.com\/1\/wp-json\/wp\/v2\/posts\/101558\/revisions\/101562"}],"wp:featuredmedia":[{"embeddable":true,"href":"https:\/\/www.caririemacao.com\/1\/wp-json\/wp\/v2\/media\/101561"}],"wp:attachment":[{"href":"https:\/\/www.caririemacao.com\/1\/wp-json\/wp\/v2\/media?parent=101558"}],"wp:term":[{"taxonomy":"category","embeddable":true,"href":"https:\/\/www.caririemacao.com\/1\/wp-json\/wp\/v2\/categories?post=101558"},{"taxonomy":"post_tag","embeddable":true,"href":"https:\/\/www.caririemacao.com\/1\/wp-json\/wp\/v2\/tags?post=101558"}],"curies":[{"name":"wp","href":"https:\/\/api.w.org\/{rel}","templated":true}]}}