{"id":101565,"date":"2019-06-22T06:26:47","date_gmt":"2019-06-22T09:26:47","guid":{"rendered":"http:\/\/www.caririemacao.com\/1\/?p=101565"},"modified":"2019-06-22T06:26:47","modified_gmt":"2019-06-22T09:26:47","slug":"bolsonaro-credita-a-inexperiencia-erros-na-articulacao-politica","status":"publish","type":"post","link":"https:\/\/www.caririemacao.com\/1\/2019\/06\/22\/bolsonaro-credita-a-inexperiencia-erros-na-articulacao-politica\/","title":{"rendered":"Bolsonaro credita \u00e0 inexperi\u00eancia erros na articula\u00e7\u00e3o pol\u00edtica"},"content":{"rendered":"\n<p>Dois dias depois de promover&nbsp;<a rel=\"noreferrer noopener\" target=\"_blank\" href=\"https:\/\/oglobo.globo.com\/brasil\/bolsonaro-diz-que-novo-ministro-da-secretaria-de-governo-vai-atuar-na-articulacao-politica-23747882\">mudan\u00e7as na articula\u00e7\u00e3o pol\u00edtica<\/a>&nbsp;do governo, o presidente Jair&nbsp;<strong>Bolsonaro<\/strong>&nbsp;admitiu nesta sexta-feira que a rela\u00e7\u00e3o do&nbsp;<strong>Executivo<\/strong>&nbsp;com o&nbsp;<strong>Legislativo&nbsp;<\/strong>teve problemas, \u201cem parte\u201d, e creditou os erros \u00e0 inexperi\u00eancia na formata\u00e7\u00e3o inicial da gest\u00e3o.<\/p>\n\n\n\n<p>Ele afirmou ainda que, \u201cem grande parte\u201d, teve que retornar ao modelo do governo anterior e defendeu o ministro-chefe da Casa Civil,&nbsp;<strong>Onyx Lorenzoni<\/strong>&nbsp;, cuja&nbsp;<a rel=\"noreferrer noopener\" target=\"_blank\" href=\"https:\/\/oglobo.globo.com\/brasil\/bolsonaro-tira-articulacao-politica-das-maos-de-onyx-transfere-para-general-que-vai-assumir-secretaria-no-lugar-de-santos-cruz-23750496\">pasta perdeu essa atribui\u00e7\u00e3o<\/a>&nbsp;para a Secretaria de Governo (Segov) \u2014&nbsp;<a rel=\"noreferrer noopener\" target=\"_blank\" href=\"https:\/\/oglobo.globo.com\/brasil\/bolsonaro-demite-santos-cruz-da-secretaria-de-governo-luiz-eduardo-ramos-sera-substituto-23738006\">que ser\u00e1 comandada pelo general Luiz Eduardo Ramos<\/a>&nbsp;.<\/p>\n\n\n\n<p>\u2013 Depois que a gente faz as coisas, a gente plota [compreende] que podia ter feito melhor ou n\u00e3o ter cometido aquele erro. Quando n\u00f3s montamos aqui, no primeiro momento, [por] inexperi\u00eancia nossa, houve, tivemos algumas mudan\u00e7as nas fun\u00e7\u00f5es de cada um que n\u00e3o deram certo. Ent\u00e3o, em grande parte, retornamos ao que era feito em governo anterior \u2013 declarou Bolsonaro, negando que a culpa das dificuldades na articula\u00e7\u00e3o tenha sido diretamente de Onyx.<\/p>\n\n\n\n<p>Depois de reconhecer \u201cproblemas na articula\u00e7\u00e3o pol\u00edtica\u201d, ele recorreu a uma met\u00e1fora esportiva para explicar que errou na escolha do interlocutor e voltou a fazer elogios a Luiz Eduardo Ramos, escolhido para substituir o tamb\u00e9m general Carlos Alberto dos Santos Cruz na Segov.<\/p>\n\n\n\n<p>\u2013 \u00c9 como eu disse [sobre] o jogador de v\u00f4lei e de basquete: o general Ramos, que \u00e9 meu amigo desde 1973 \u00e9 uma pessoa que passou pela assessoria parlamentar aqui, ficou dois anos, tem uma vasta experi\u00eancia em outras \u00e1reas, como por exemplo foi adido militar l\u00e1 em Israel, participou de opera\u00e7\u00f5es das mais variadas de Garantia da Lei e da Ordem no Rio de Janeiro, e \u00e9 uma pessoa perfeitamente qualificada a ter o melhor relacionamento com o Parlamento brasileiro \u2013 declarou.<\/p>\n\n\n\n<h2 class=\"wp-block-heading\">Ministros \u2018fus\u00edveis\u2019<\/h2>\n\n\n\n<p>Questionado se Onyx foi enfraquecido ao ter a atribui\u00e7\u00e3o de articula\u00e7\u00e3o retirada de sua pasta, o presidente comentou o papel de tr\u00eas das quatro pastas sediadas no Pal\u00e1cio do Planalto, deixando de fora apenas o Gabinete de Seguran\u00e7a Institucional (GSI).<\/p>\n\n\n\n<p>\u2013 Bem, todo mundo diz, e \u00e9 verdade: tem tr\u00eas minist\u00e9rios aqui dentro \u2013 Secretaria do Governo, Secretaria-Geral e Casa Civil \u2013 que s\u00e3o fus\u00edveis. Para evitar queimar o presidente, eles se queimam \u2013 declarou, completando:<\/p>\n\n\n\n<p>\u2013 A fun\u00e7\u00e3o do Onyx \u00e9 a mais complicada que tem aqui. Eu entendo que n\u00f3s adequamos agora, passando a Supar (Subchefia de Assuntos Parlamentares) para o Ramos e jogamos a\u00ed a PPI (Programa de Parcerias e Investimentos] para o Onyx. Ele t\u00e1 fortalecido, no meu entender. Aqui n\u00e3o tem ministro fraco ou forte. Todo mundo tem que jogar junto nesse time.<\/p>\n\n\n\n<p>Segundo Bolsonaro, Onyx agora tem a \u201cfun\u00e7\u00e3o mais importante no time\u201d.<\/p>\n\n\n\n<p>\u2013 Eu, na minha vida toda, eu sempre fui goleiro. \u00c9 fun\u00e7\u00e3o mais ingrata que tem num time, mas o goleiro aqui \u00e9 a fun\u00e7\u00e3o mais importante no time, que \u00e9 a do Onyx. Porque se um centro-avante perde um gol, tudo bem, o pessoal esquece rapidamente. Agora, se o goleiro toma um frango, fica marcado a vida toda \u2013 complementou Bolsonaro.<\/p>\n\n\n\n<p>O presidente disse ainda ter conversado com o ministro, com quem contou ter trocado mensagens de WhatsApp pela manh\u00e3, e comentou que ele est\u00e1 \u201ctranquilo, em paz\u201d.<\/p>\n\n\n\n<p>\u2013 E ele vai continuar conosco a\u00ed enquanto a sua sa\u00fade assim o permitir \u2013 afirmou, explicando em seguida que o ministro passou mal, teve uma febre alta. \u2013 Mas o gauch\u00e3o continua bem.<br><\/p>\n\n\n\n<p><br><strong>O Globo<\/strong><\/p>\n","protected":false},"excerpt":{"rendered":"<p>Dois dias depois de promover&nbsp;mudan\u00e7as na articula\u00e7\u00e3o pol\u00edtica&nbsp;do governo, o presidente Jair&nbsp;Bolsonaro&nbsp;admitiu nesta sexta-feira que a rela\u00e7\u00e3o do&nbsp;Executivo&nbsp;com o&nbsp;Legislativo&nbsp;teve problemas, \u201cem parte\u201d, e creditou os&hellip; <\/p>\n","protected":false},"author":1,"featured_media":95826,"comment_status":"closed","ping_status":"closed","sticky":false,"template":"","format":"standard","meta":{"sfsi_plus_gutenberg_text_before_share":"","sfsi_plus_gutenberg_show_text_before_share":"","sfsi_plus_gutenberg_icon_type":"","sfsi_plus_gutenberg_icon_alignemt":"","sfsi_plus_gutenburg_max_per_row":"","footnotes":""},"categories":[11],"tags":[],"class_list":["post-101565","post","type-post","status-publish","format-standard","has-post-thumbnail","hentry","category-politica"],"_links":{"self":[{"href":"https:\/\/www.caririemacao.com\/1\/wp-json\/wp\/v2\/posts\/101565","targetHints":{"allow":["GET"]}}],"collection":[{"href":"https:\/\/www.caririemacao.com\/1\/wp-json\/wp\/v2\/posts"}],"about":[{"href":"https:\/\/www.caririemacao.com\/1\/wp-json\/wp\/v2\/types\/post"}],"author":[{"embeddable":true,"href":"https:\/\/www.caririemacao.com\/1\/wp-json\/wp\/v2\/users\/1"}],"replies":[{"embeddable":true,"href":"https:\/\/www.caririemacao.com\/1\/wp-json\/wp\/v2\/comments?post=101565"}],"version-history":[{"count":1,"href":"https:\/\/www.caririemacao.com\/1\/wp-json\/wp\/v2\/posts\/101565\/revisions"}],"predecessor-version":[{"id":101568,"href":"https:\/\/www.caririemacao.com\/1\/wp-json\/wp\/v2\/posts\/101565\/revisions\/101568"}],"wp:featuredmedia":[{"embeddable":true,"href":"https:\/\/www.caririemacao.com\/1\/wp-json\/wp\/v2\/media\/95826"}],"wp:attachment":[{"href":"https:\/\/www.caririemacao.com\/1\/wp-json\/wp\/v2\/media?parent=101565"}],"wp:term":[{"taxonomy":"category","embeddable":true,"href":"https:\/\/www.caririemacao.com\/1\/wp-json\/wp\/v2\/categories?post=101565"},{"taxonomy":"post_tag","embeddable":true,"href":"https:\/\/www.caririemacao.com\/1\/wp-json\/wp\/v2\/tags?post=101565"}],"curies":[{"name":"wp","href":"https:\/\/api.w.org\/{rel}","templated":true}]}}