{"id":101582,"date":"2019-06-22T08:47:29","date_gmt":"2019-06-22T11:47:29","guid":{"rendered":"http:\/\/www.caririemacao.com\/1\/?p=101582"},"modified":"2019-06-22T08:47:29","modified_gmt":"2019-06-22T11:47:29","slug":"ufpb-convoca-candidatos-para-prova-pratica-de-concurso","status":"publish","type":"post","link":"https:\/\/www.caririemacao.com\/1\/2019\/06\/22\/ufpb-convoca-candidatos-para-prova-pratica-de-concurso\/","title":{"rendered":"UFPB convoca candidatos para prova pr\u00e1tica de concurso"},"content":{"rendered":"\n<p>A Universidade Federal da Para\u00edba (UFPB)\u00a0tornou p\u00fablica, nesta\u00a0sexta-feira (21),\u00a0convoca\u00e7\u00e3o para prova pr\u00e1tica, referente a concurso p\u00fablico para t\u00e9cnico-administrativos.<\/p>\n\n\n\n<p>De car\u00e1ter&nbsp;eliminat\u00f3rio e classificat\u00f3rio,&nbsp;os testes ser\u00e3o realizados no dia&nbsp;30 deste m\u00eas&nbsp;e&nbsp;aplicados para os cargos de T\u00e9cnico em Laborat\u00f3rio \u2013 \u00c1rea Biologia; T\u00e9cnico em Laborat\u00f3rio \u2013 \u00c1rea An\u00e1lises Cl\u00ednicas; T\u00e9cnico em Laborat\u00f3rio \u2013 \u00c1rea Biosseguran\u00e7a; T\u00e9cnico em Laborat\u00f3rio \u2013 \u00c1rea de Tecnologia de Alimentos; T\u00e9cnico em Laborat\u00f3rio \u2013 \u00c1rea Qu\u00edmica; T\u00e9cnico em Necr\u00f3psia e Anatomia; M\u00fasico \u2013 \u00c1rea Flauta Transversal e M\u00fasico \u2013 \u00c1rea Trompa.<\/p>\n\n\n\n<p>Para os candidatos a cargos&nbsp;na \u00c1rea de&nbsp;M\u00fasica, as provas ocorrer\u00e3o na&nbsp;Sala de&nbsp;Concertos&nbsp;Radegundis&nbsp;Feitosa, no campus I,&nbsp;em Jo\u00e3o Pessoa. Os demais far\u00e3o os testes&nbsp;em&nbsp;Audit\u00f3rio da Faculdade Nova Esperan\u00e7a (Facene), no Bloco I, 1\u00ba Andar,&nbsp;em&nbsp;Gramame,&nbsp;na Grande Jo\u00e3o Pessoa.<\/p>\n\n\n\n<p>Ambos dever\u00e3o comparecer com anteced\u00eancia m\u00ednima de 30 minutos do hor\u00e1rio da convoca\u00e7\u00e3o, munidos de documento de identidade original com foto.<\/p>\n\n\n\n<h3 class=\"wp-block-heading\">Heteroidentifica\u00e7\u00e3o e per\u00edcia m\u00e9dica<\/h3>\n\n\n\n<p>Tamb\u00e9m, nesta&nbsp;sexta&nbsp;(21),&nbsp;foram&nbsp;divulgados&nbsp;os resultados&nbsp;dos procedimentos&nbsp;de&nbsp;heteroidentifica\u00e7\u00e3o&nbsp;e de per\u00edcia m\u00e9dica p\u00f3s-recurso.<\/p>\n\n\n\n<p>O candidato poder\u00e1 consultar, individualmente, a resposta do recurso no&nbsp;endere\u00e7o eletr\u00f4nico&nbsp;do Instituo AOCP,&nbsp;organizador do certame.&nbsp;As respostas estar\u00e3o dispon\u00edveis por&nbsp;dez dias.<\/p>\n\n\n\n<p>Este concurso da UFPB para t\u00e9cnico-administrativos \u00e9 referente ao Edital n\u00ba 122\/2018, publicado no Di\u00e1rio Oficial da Uni\u00e3o em&nbsp;31 de dezembro&nbsp;de 2018, com 132 vagas para 44 cargos.<\/p>\n\n\n\n<p>Outras informa\u00e7\u00f5es podem ser obtidas por meio da Central de Atendimento ao Candidato, atrav\u00e9s do telefone (44) 3344.4242 ou do e-mail&nbsp;candidato@institutoaocp.org.br.<\/p>\n","protected":false},"excerpt":{"rendered":"<p>A Universidade Federal da Para\u00edba (UFPB)\u00a0tornou p\u00fablica, nesta\u00a0sexta-feira (21),\u00a0convoca\u00e7\u00e3o para prova pr\u00e1tica, referente a concurso p\u00fablico para t\u00e9cnico-administrativos. De car\u00e1ter&nbsp;eliminat\u00f3rio e classificat\u00f3rio,&nbsp;os testes ser\u00e3o realizados&hellip; <\/p>\n","protected":false},"author":1,"featured_media":76897,"comment_status":"closed","ping_status":"closed","sticky":false,"template":"","format":"standard","meta":{"sfsi_plus_gutenberg_text_before_share":"","sfsi_plus_gutenberg_show_text_before_share":"","sfsi_plus_gutenberg_icon_type":"","sfsi_plus_gutenberg_icon_alignemt":"","sfsi_plus_gutenburg_max_per_row":"","footnotes":""},"categories":[50,14],"tags":[],"class_list":["post-101582","post","type-post","status-publish","format-standard","has-post-thumbnail","hentry","category-destaque","category-educacao"],"_links":{"self":[{"href":"https:\/\/www.caririemacao.com\/1\/wp-json\/wp\/v2\/posts\/101582","targetHints":{"allow":["GET"]}}],"collection":[{"href":"https:\/\/www.caririemacao.com\/1\/wp-json\/wp\/v2\/posts"}],"about":[{"href":"https:\/\/www.caririemacao.com\/1\/wp-json\/wp\/v2\/types\/post"}],"author":[{"embeddable":true,"href":"https:\/\/www.caririemacao.com\/1\/wp-json\/wp\/v2\/users\/1"}],"replies":[{"embeddable":true,"href":"https:\/\/www.caririemacao.com\/1\/wp-json\/wp\/v2\/comments?post=101582"}],"version-history":[{"count":1,"href":"https:\/\/www.caririemacao.com\/1\/wp-json\/wp\/v2\/posts\/101582\/revisions"}],"predecessor-version":[{"id":101583,"href":"https:\/\/www.caririemacao.com\/1\/wp-json\/wp\/v2\/posts\/101582\/revisions\/101583"}],"wp:featuredmedia":[{"embeddable":true,"href":"https:\/\/www.caririemacao.com\/1\/wp-json\/wp\/v2\/media\/76897"}],"wp:attachment":[{"href":"https:\/\/www.caririemacao.com\/1\/wp-json\/wp\/v2\/media?parent=101582"}],"wp:term":[{"taxonomy":"category","embeddable":true,"href":"https:\/\/www.caririemacao.com\/1\/wp-json\/wp\/v2\/categories?post=101582"},{"taxonomy":"post_tag","embeddable":true,"href":"https:\/\/www.caririemacao.com\/1\/wp-json\/wp\/v2\/tags?post=101582"}],"curies":[{"name":"wp","href":"https:\/\/api.w.org\/{rel}","templated":true}]}}