{"id":101598,"date":"2019-06-22T11:04:38","date_gmt":"2019-06-22T14:04:38","guid":{"rendered":"http:\/\/www.caririemacao.com\/1\/?p=101598"},"modified":"2019-06-22T11:04:38","modified_gmt":"2019-06-22T14:04:38","slug":"jogador-de-futebol-caririzeiro-sofre-grave-acidente-de-moto-e-final-da-copa-paraiba-de-futebol-e-adiada","status":"publish","type":"post","link":"https:\/\/www.caririemacao.com\/1\/2019\/06\/22\/jogador-de-futebol-caririzeiro-sofre-grave-acidente-de-moto-e-final-da-copa-paraiba-de-futebol-e-adiada\/","title":{"rendered":"Jogador de futebol caririzeiro sofre grave acidente de moto e final da Copa Para\u00edba de Futebol \u00e9 adiada"},"content":{"rendered":"\n<p>Um jovem jogador de futebol conhecido por Rafael Travassos, morador da comunidade de Serrinha, em Barra de Santana, perdeu um bra\u00e7o e uma perna em um acidente de moto na BR 104, entre as cidades de Queimadas e Barra de Santana, \u00e0s 5h desta sexta-feira (21).<\/p>\n\n\n\n<p>De acordo com informa\u00e7\u00f5es de populares, Rafael tinha sa\u00eddo do trabalho em Campina Grande e seguia para sua resid\u00eancia em Barra de Santana. O jovem foi socorrido pelo Servi\u00e7o de Atendimento M\u00f3vel de Urg\u00eancia (Samu) de Queimadas e encaminhado para o Hospital de Emerg\u00eancia e Trauma.<\/p>\n\n\n\n<p>Informa\u00e7\u00f5es d\u00e3o conta que o jovem atleta perdeu muito sangue, teve o bra\u00e7o amputado e a perna, na altura do joelho, mais est\u00e1 reagindo bem.<\/p>\n\n\n\n<p>Rafael \u00e9 conhecido por jogar em times de futebol da regi\u00e3o e estava escalado pelo Cruzeiro de Barra de Santana para disputar \u00e0 final da Copa Para\u00edba de Futebol Amador.<\/p>\n\n\n\n<p>A coordena\u00e7\u00e3o da Copa Para\u00edba de Futebol adiou a partida final que estava marcada para este s\u00e1bado, dia 22 de junho, e todos os desportistas e amigos est\u00e3o chocados com a triste noticia do grave acidente envolvendo o atleta de futebol Rafael Travassos.<\/p>\n\n\n\n<p><strong>Cariri Esporte<\/strong><\/p>\n","protected":false},"excerpt":{"rendered":"<p>Um jovem jogador de futebol conhecido por Rafael Travassos, morador da comunidade de Serrinha, em Barra de Santana, perdeu um bra\u00e7o e uma perna em&hellip; <\/p>\n","protected":false},"author":1,"featured_media":101599,"comment_status":"closed","ping_status":"closed","sticky":false,"template":"","format":"standard","meta":{"sfsi_plus_gutenberg_text_before_share":"","sfsi_plus_gutenberg_show_text_before_share":"","sfsi_plus_gutenberg_icon_type":"","sfsi_plus_gutenberg_icon_alignemt":"","sfsi_plus_gutenburg_max_per_row":"","footnotes":""},"categories":[13],"tags":[],"class_list":["post-101598","post","type-post","status-publish","format-standard","has-post-thumbnail","hentry","category-esportes"],"_links":{"self":[{"href":"https:\/\/www.caririemacao.com\/1\/wp-json\/wp\/v2\/posts\/101598","targetHints":{"allow":["GET"]}}],"collection":[{"href":"https:\/\/www.caririemacao.com\/1\/wp-json\/wp\/v2\/posts"}],"about":[{"href":"https:\/\/www.caririemacao.com\/1\/wp-json\/wp\/v2\/types\/post"}],"author":[{"embeddable":true,"href":"https:\/\/www.caririemacao.com\/1\/wp-json\/wp\/v2\/users\/1"}],"replies":[{"embeddable":true,"href":"https:\/\/www.caririemacao.com\/1\/wp-json\/wp\/v2\/comments?post=101598"}],"version-history":[{"count":1,"href":"https:\/\/www.caririemacao.com\/1\/wp-json\/wp\/v2\/posts\/101598\/revisions"}],"predecessor-version":[{"id":101600,"href":"https:\/\/www.caririemacao.com\/1\/wp-json\/wp\/v2\/posts\/101598\/revisions\/101600"}],"wp:featuredmedia":[{"embeddable":true,"href":"https:\/\/www.caririemacao.com\/1\/wp-json\/wp\/v2\/media\/101599"}],"wp:attachment":[{"href":"https:\/\/www.caririemacao.com\/1\/wp-json\/wp\/v2\/media?parent=101598"}],"wp:term":[{"taxonomy":"category","embeddable":true,"href":"https:\/\/www.caririemacao.com\/1\/wp-json\/wp\/v2\/categories?post=101598"},{"taxonomy":"post_tag","embeddable":true,"href":"https:\/\/www.caririemacao.com\/1\/wp-json\/wp\/v2\/tags?post=101598"}],"curies":[{"name":"wp","href":"https:\/\/api.w.org\/{rel}","templated":true}]}}