{"id":101605,"date":"2019-06-22T12:26:50","date_gmt":"2019-06-22T15:26:50","guid":{"rendered":"http:\/\/www.caririemacao.com\/1\/?p=101605"},"modified":"2019-06-22T12:26:50","modified_gmt":"2019-06-22T15:26:50","slug":"caminhao-e-apreendido-com-12-toneladas-de-excesso-de-peso-em-rodovia-da-paraiba","status":"publish","type":"post","link":"https:\/\/www.caririemacao.com\/1\/2019\/06\/22\/caminhao-e-apreendido-com-12-toneladas-de-excesso-de-peso-em-rodovia-da-paraiba\/","title":{"rendered":"Caminh\u00e3o \u00e9 apreendido com 12 toneladas de excesso de peso em rodovia da Para\u00edba"},"content":{"rendered":"\n<p>A&nbsp;Pol\u00edcia Rodovi\u00e1ria Federal flagrou&nbsp;nesta&nbsp;sexta-feira (21), um caminh\u00e3o transportando 12 toneladas de excesso de peso. A fiscaliza\u00e7\u00e3o ocorreu na Unidade Operacional de Caf\u00e9 do Vento, na BR 230, na rodovia que liga&nbsp; Campina Grande a Jo\u00e3o Pessoa&nbsp;<\/p>\n\n\n\n<p>O caminh\u00e3o transportava pedra rachinha com destino a Jo\u00e3o Pessoa. Ao verificar o documento fiscal da carga, foi constatado excesso de peso equivalente a 12.546 kg.&nbsp;<\/p>\n\n\n\n<p>O excesso de peso provoca o desgaste prematuro do pavimento, al\u00e9m de comprometer o sistema de freio do ve\u00edculo, aumentando a probabilidade de acidentes e colocando em risco a vida dos demais motoristas que trafegam pela rodovia. O ve\u00edculo foi recolhido ao p\u00e1tio at\u00e9 que todo excesso de peso fosse transferido para outro caminh\u00e3o.<\/p>\n\n\n\n<p>Os valores da multa aplicada pela PRF totalizaram R$ 5.896,05.<\/p>\n","protected":false},"excerpt":{"rendered":"<p>A&nbsp;Pol\u00edcia Rodovi\u00e1ria Federal flagrou&nbsp;nesta&nbsp;sexta-feira (21), um caminh\u00e3o transportando 12 toneladas de excesso de peso. A fiscaliza\u00e7\u00e3o ocorreu na Unidade Operacional de Caf\u00e9 do Vento, na&hellip; <\/p>\n","protected":false},"author":1,"featured_media":101606,"comment_status":"closed","ping_status":"closed","sticky":false,"template":"","format":"standard","meta":{"sfsi_plus_gutenberg_text_before_share":"","sfsi_plus_gutenberg_show_text_before_share":"","sfsi_plus_gutenberg_icon_type":"","sfsi_plus_gutenberg_icon_alignemt":"","sfsi_plus_gutenburg_max_per_row":"","footnotes":""},"categories":[12],"tags":[],"class_list":["post-101605","post","type-post","status-publish","format-standard","has-post-thumbnail","hentry","category-policia"],"_links":{"self":[{"href":"https:\/\/www.caririemacao.com\/1\/wp-json\/wp\/v2\/posts\/101605","targetHints":{"allow":["GET"]}}],"collection":[{"href":"https:\/\/www.caririemacao.com\/1\/wp-json\/wp\/v2\/posts"}],"about":[{"href":"https:\/\/www.caririemacao.com\/1\/wp-json\/wp\/v2\/types\/post"}],"author":[{"embeddable":true,"href":"https:\/\/www.caririemacao.com\/1\/wp-json\/wp\/v2\/users\/1"}],"replies":[{"embeddable":true,"href":"https:\/\/www.caririemacao.com\/1\/wp-json\/wp\/v2\/comments?post=101605"}],"version-history":[{"count":1,"href":"https:\/\/www.caririemacao.com\/1\/wp-json\/wp\/v2\/posts\/101605\/revisions"}],"predecessor-version":[{"id":101607,"href":"https:\/\/www.caririemacao.com\/1\/wp-json\/wp\/v2\/posts\/101605\/revisions\/101607"}],"wp:featuredmedia":[{"embeddable":true,"href":"https:\/\/www.caririemacao.com\/1\/wp-json\/wp\/v2\/media\/101606"}],"wp:attachment":[{"href":"https:\/\/www.caririemacao.com\/1\/wp-json\/wp\/v2\/media?parent=101605"}],"wp:term":[{"taxonomy":"category","embeddable":true,"href":"https:\/\/www.caririemacao.com\/1\/wp-json\/wp\/v2\/categories?post=101605"},{"taxonomy":"post_tag","embeddable":true,"href":"https:\/\/www.caririemacao.com\/1\/wp-json\/wp\/v2\/tags?post=101605"}],"curies":[{"name":"wp","href":"https:\/\/api.w.org\/{rel}","templated":true}]}}