{"id":101610,"date":"2019-06-22T12:29:28","date_gmt":"2019-06-22T15:29:28","guid":{"rendered":"http:\/\/www.caririemacao.com\/1\/?p=101610"},"modified":"2019-06-22T12:29:28","modified_gmt":"2019-06-22T15:29:28","slug":"divulgado-resultado-preliminar-das-provas-objetivas-do-concurso-do-ifpb-para-libras","status":"publish","type":"post","link":"https:\/\/www.caririemacao.com\/1\/2019\/06\/22\/divulgado-resultado-preliminar-das-provas-objetivas-do-concurso-do-ifpb-para-libras\/","title":{"rendered":"Divulgado resultado preliminar das provas objetivas do concurso do IFPB para Libras"},"content":{"rendered":"\n<p>Os candidatos ao cargo de T\u00e9cnico-Administrativo em Libras j\u00e1 podem conferir o resultado preliminar das provas objetivas. A listagem foi disponibilizada nesta sexta-feira (21) \u00e0 noite pelo Instituto de Desenvolvimento Educacional, Cultural e Assistencial Nacional.<\/p>\n\n\n\n<p>Veja&nbsp;<a href=\"http:\/\/www.idecan.org.br\/concursos\/306\/17_441460.pdf\" target=\"_blank\" rel=\"noreferrer noopener\"><strong>o comunicado do IDECAN<\/strong><\/a>.<\/p>\n\n\n\n<p>O candidato pode consultar as listas gerais nas modalidades PCD, negros e ampla concorr\u00eancia, ou se preferir, informar o CPF e fazer a consulta individual.<\/p>\n\n\n\n<p>Os candidatos que desejarem interpor recurso contra o resultado preliminar das provas objetivas podem faz\u00ea-lo nesta segunda-feira (24) e ter\u00e7a-feira (25) no portal da banca organizadora, na p\u00e1gina de acompanhamento da inscri\u00e7\u00e3o.&nbsp;O resultado final da prova objetiva ser\u00e1 conhecido no dia 05 de julho.<\/p>\n\n\n\n<p>O Idecan tamb\u00e9m disponibilizou o gabarito oficial final (definitivo) e o resultado dos recursos contra a prova objetiva para Tradutor e Int\u00e9rprete de Libras (edital 149), realizada no dia 26 de maio.<\/p>\n\n\n\n<p>No dia 17 de julho haver\u00e1 a convoca\u00e7\u00e3o dos candidatos negros para a heteroidentifica\u00e7\u00e3o, procedimento que ser\u00e1 realizado no dia 27 desse mesmo m\u00eas. O resultado final do concurso para Tradutor e Int\u00e9rprete de Libras est\u00e1 previsto para o dia 15 de agosto.<\/p>\n","protected":false},"excerpt":{"rendered":"<p>Os candidatos ao cargo de T\u00e9cnico-Administrativo em Libras j\u00e1 podem conferir o resultado preliminar das provas objetivas. A listagem foi disponibilizada nesta sexta-feira (21) \u00e0&hellip; <\/p>\n","protected":false},"author":1,"featured_media":101611,"comment_status":"closed","ping_status":"closed","sticky":false,"template":"","format":"standard","meta":{"sfsi_plus_gutenberg_text_before_share":"","sfsi_plus_gutenberg_show_text_before_share":"","sfsi_plus_gutenberg_icon_type":"","sfsi_plus_gutenberg_icon_alignemt":"","sfsi_plus_gutenburg_max_per_row":"","footnotes":""},"categories":[2],"tags":[],"class_list":["post-101610","post","type-post","status-publish","format-standard","has-post-thumbnail","hentry","category-geral"],"_links":{"self":[{"href":"https:\/\/www.caririemacao.com\/1\/wp-json\/wp\/v2\/posts\/101610","targetHints":{"allow":["GET"]}}],"collection":[{"href":"https:\/\/www.caririemacao.com\/1\/wp-json\/wp\/v2\/posts"}],"about":[{"href":"https:\/\/www.caririemacao.com\/1\/wp-json\/wp\/v2\/types\/post"}],"author":[{"embeddable":true,"href":"https:\/\/www.caririemacao.com\/1\/wp-json\/wp\/v2\/users\/1"}],"replies":[{"embeddable":true,"href":"https:\/\/www.caririemacao.com\/1\/wp-json\/wp\/v2\/comments?post=101610"}],"version-history":[{"count":1,"href":"https:\/\/www.caririemacao.com\/1\/wp-json\/wp\/v2\/posts\/101610\/revisions"}],"predecessor-version":[{"id":101612,"href":"https:\/\/www.caririemacao.com\/1\/wp-json\/wp\/v2\/posts\/101610\/revisions\/101612"}],"wp:featuredmedia":[{"embeddable":true,"href":"https:\/\/www.caririemacao.com\/1\/wp-json\/wp\/v2\/media\/101611"}],"wp:attachment":[{"href":"https:\/\/www.caririemacao.com\/1\/wp-json\/wp\/v2\/media?parent=101610"}],"wp:term":[{"taxonomy":"category","embeddable":true,"href":"https:\/\/www.caririemacao.com\/1\/wp-json\/wp\/v2\/categories?post=101610"},{"taxonomy":"post_tag","embeddable":true,"href":"https:\/\/www.caririemacao.com\/1\/wp-json\/wp\/v2\/tags?post=101610"}],"curies":[{"name":"wp","href":"https:\/\/api.w.org\/{rel}","templated":true}]}}