{"id":101615,"date":"2019-06-22T12:31:14","date_gmt":"2019-06-22T15:31:14","guid":{"rendered":"http:\/\/www.caririemacao.com\/1\/?p=101615"},"modified":"2019-06-22T12:31:14","modified_gmt":"2019-06-22T15:31:14","slug":"tonny-lucco-e-gente-boa-sao-atracoes-no-sitio-sao-francisco-no-sao-joao-de-monteiro-neste-sabado","status":"publish","type":"post","link":"https:\/\/www.caririemacao.com\/1\/2019\/06\/22\/tonny-lucco-e-gente-boa-sao-atracoes-no-sitio-sao-francisco-no-sao-joao-de-monteiro-neste-sabado\/","title":{"rendered":"Tonny Lucco e Gente Boa s\u00e3o atra\u00e7\u00f5es no s\u00edtio S\u00e3o Francisco no S\u00e3o Jo\u00e3o de Monteiro neste S\u00e1bado"},"content":{"rendered":"\n<p>Com o tradicional forr\u00f3 autentico, o sitio S\u00e3o Francisco entra para o segundo dia de muita anima\u00e7\u00e3o dentro da grade de programa\u00e7\u00e3o do S\u00e3o Jo\u00e3o de Monteiro 2019.<br>Neste S\u00e1bado Tonny Lucco e Gente Boa sobem ao palco e amimam a festa a partir das 16:00. No local \u00e9 poss\u00edvel apreciar a deliciosa comida regional, carne de bode com cuzcuz, buchada com arroz, entre outros,&nbsp;&nbsp;al\u00e9m daquela lapada de cacha\u00e7a artesanal.<br><strong>Programa\u00e7\u00e3o para este S\u00e1bado 22\/06<\/strong><strong><br><\/strong>16:00 HORAS \u2013 Trio P\u00e9 de Serra18:00 HORAS \u2013 Forr\u00f3 Gente Boa19:30 \u2013 Tonny Lucco<br><strong>Com PORTALTVCARIRI<\/strong><\/p>\n","protected":false},"excerpt":{"rendered":"<p>Com o tradicional forr\u00f3 autentico, o sitio S\u00e3o Francisco entra para o segundo dia de muita anima\u00e7\u00e3o dentro da grade de programa\u00e7\u00e3o do S\u00e3o Jo\u00e3o&hellip; <\/p>\n","protected":false},"author":1,"featured_media":17917,"comment_status":"closed","ping_status":"closed","sticky":false,"template":"","format":"standard","meta":{"sfsi_plus_gutenberg_text_before_share":"","sfsi_plus_gutenberg_show_text_before_share":"","sfsi_plus_gutenberg_icon_type":"","sfsi_plus_gutenberg_icon_alignemt":"","sfsi_plus_gutenburg_max_per_row":"","footnotes":""},"categories":[6],"tags":[],"class_list":["post-101615","post","type-post","status-publish","format-standard","has-post-thumbnail","hentry","category-cidades"],"_links":{"self":[{"href":"https:\/\/www.caririemacao.com\/1\/wp-json\/wp\/v2\/posts\/101615","targetHints":{"allow":["GET"]}}],"collection":[{"href":"https:\/\/www.caririemacao.com\/1\/wp-json\/wp\/v2\/posts"}],"about":[{"href":"https:\/\/www.caririemacao.com\/1\/wp-json\/wp\/v2\/types\/post"}],"author":[{"embeddable":true,"href":"https:\/\/www.caririemacao.com\/1\/wp-json\/wp\/v2\/users\/1"}],"replies":[{"embeddable":true,"href":"https:\/\/www.caririemacao.com\/1\/wp-json\/wp\/v2\/comments?post=101615"}],"version-history":[{"count":1,"href":"https:\/\/www.caririemacao.com\/1\/wp-json\/wp\/v2\/posts\/101615\/revisions"}],"predecessor-version":[{"id":101616,"href":"https:\/\/www.caririemacao.com\/1\/wp-json\/wp\/v2\/posts\/101615\/revisions\/101616"}],"wp:featuredmedia":[{"embeddable":true,"href":"https:\/\/www.caririemacao.com\/1\/wp-json\/wp\/v2\/media\/17917"}],"wp:attachment":[{"href":"https:\/\/www.caririemacao.com\/1\/wp-json\/wp\/v2\/media?parent=101615"}],"wp:term":[{"taxonomy":"category","embeddable":true,"href":"https:\/\/www.caririemacao.com\/1\/wp-json\/wp\/v2\/categories?post=101615"},{"taxonomy":"post_tag","embeddable":true,"href":"https:\/\/www.caririemacao.com\/1\/wp-json\/wp\/v2\/tags?post=101615"}],"curies":[{"name":"wp","href":"https:\/\/api.w.org\/{rel}","templated":true}]}}