{"id":101618,"date":"2019-06-22T12:40:39","date_gmt":"2019-06-22T15:40:39","guid":{"rendered":"http:\/\/www.caririemacao.com\/1\/?p=101618"},"modified":"2019-06-22T12:40:39","modified_gmt":"2019-06-22T15:40:39","slug":"sao-joao-no-tigre-tem-inicio-neste-sabado-com-shows-de-thayse-dias-e-forrozao-karkara","status":"publish","type":"post","link":"https:\/\/www.caririemacao.com\/1\/2019\/06\/22\/sao-joao-no-tigre-tem-inicio-neste-sabado-com-shows-de-thayse-dias-e-forrozao-karkara\/","title":{"rendered":"S\u00e3o Jo\u00e3o no Tigre tem in\u00edcio neste s\u00e1bado com Shows de Thayse Dias e Forroz\u00e3o Karkar\u00e1"},"content":{"rendered":"\n<p>A edi\u00e7\u00e3o 2019 do melhor S\u00e3o Jo\u00e3o do interior, em S\u00e3o Jo\u00e3o do Tigre, no Cariri da Para\u00edba, tem in\u00edcio neste s\u00e1bado (22). Evento acontece em pra\u00e7a p\u00fablica, e \u00e9 gratuito.<br>No palco principal, a primeira noite de shows contar\u00e1 com apresenta\u00e7\u00f5es da cantora Thayse Dias e Forroz\u00e3o Karkar\u00e1.<br>Filha da terra, Thayse \u00e9 uma das atra\u00e7\u00f5es mais esperadas do evento. A cantora \u00e9 considerada atualmente uma das estrelas da m\u00fasica Caruaruense.<br>Simp\u00e1tica, inteligente e dona de uma voz indiscut\u00edvel, a instrumentista \u00e9 atualmente campe\u00e3 do \u201cVem Cantar Forr\u00f3 2019\u201d, projeto promovido pela TV Asa Branca.<br>A cantora publicou em suas redes sociais recentemente o prazer que \u00e9 para ela cantar na sua cidade natal. \u201cMuito feliz em fazer parte dessa festa, poder cantar em minha terra, minha casa. Com toda certeza, faremos nosso melhor\u201d, escreveu Thayse.<br>O prefeito C\u00e9lio Barbosa destacou que todo o evento foi planejado com uma programa\u00e7\u00e3o diversa. \u201cA festa foi pensada com o objetivo de agradar a todos os gostos musicais, do forr\u00f3 p\u00e9 de serra ao estilizado\u201d, pontuou.<br>O S\u00e3o Jo\u00e3o 2019 de S\u00e3o Jo\u00e3o do Tigre prosseguir\u00e1 at\u00e9 a pr\u00f3xima segunda-feira (24) com v\u00e1rios shows e apresenta\u00e7\u00f5es culturais. A festa \u00e9 conhecida como uma das mais tradicionais do interior da Para\u00edba.Confira a programa\u00e7\u00e3o completa<br><strong>&nbsp;22 de junho (s\u00e1bado)<\/strong>* Forroz\u00e3o Karkar\u00e1* Thayse Dias e Banda&nbsp;&nbsp;&nbsp;&nbsp;&nbsp;&nbsp;&nbsp;&nbsp;&nbsp;&nbsp;&nbsp;&nbsp;&nbsp;&nbsp;&nbsp;&nbsp;&nbsp;&nbsp;&nbsp;&nbsp;&nbsp;&nbsp;&nbsp;&nbsp;&nbsp;&nbsp;&nbsp;&nbsp;&nbsp;&nbsp;&nbsp;&nbsp;&nbsp;&nbsp;&nbsp;&nbsp;&nbsp;&nbsp;&nbsp;&nbsp;&nbsp;&nbsp;&nbsp;&nbsp;&nbsp;&nbsp;&nbsp;&nbsp;&nbsp;&nbsp;&nbsp;&nbsp;&nbsp;&nbsp;&nbsp;&nbsp;&nbsp;&nbsp;&nbsp;&nbsp;&nbsp;&nbsp;&nbsp;&nbsp;&nbsp;&nbsp;&nbsp;&nbsp;&nbsp;&nbsp;&nbsp;&nbsp;&nbsp;&nbsp;&nbsp;&nbsp;&nbsp;&nbsp;&nbsp;&nbsp;&nbsp;&nbsp;&nbsp;&nbsp;&nbsp;&nbsp;&nbsp;&nbsp;&nbsp;&nbsp;&nbsp;&nbsp;&nbsp;&nbsp;&nbsp;<strong>23 de junho (domingo)<\/strong>* Artur Resenha e Forr\u00f3 da Resenha* Forr\u00f3 do Gonzag\u00e3o<br><strong>24 de junho (segunda-feira)<\/strong>* Pedrinho Pega\u00e7\u00e3o* Nascimento Filho* Edy e Natham<br><strong>Com FOLHA DO CARIRI<\/strong><\/p>\n","protected":false},"excerpt":{"rendered":"<p>A edi\u00e7\u00e3o 2019 do melhor S\u00e3o Jo\u00e3o do interior, em S\u00e3o Jo\u00e3o do Tigre, no Cariri da Para\u00edba, tem in\u00edcio neste s\u00e1bado (22). Evento acontece&hellip; <\/p>\n","protected":false},"author":1,"featured_media":101619,"comment_status":"closed","ping_status":"closed","sticky":false,"template":"","format":"standard","meta":{"sfsi_plus_gutenberg_text_before_share":"","sfsi_plus_gutenberg_show_text_before_share":"","sfsi_plus_gutenberg_icon_type":"","sfsi_plus_gutenberg_icon_alignemt":"","sfsi_plus_gutenburg_max_per_row":"","footnotes":""},"categories":[6,50],"tags":[],"class_list":["post-101618","post","type-post","status-publish","format-standard","has-post-thumbnail","hentry","category-cidades","category-destaque"],"_links":{"self":[{"href":"https:\/\/www.caririemacao.com\/1\/wp-json\/wp\/v2\/posts\/101618","targetHints":{"allow":["GET"]}}],"collection":[{"href":"https:\/\/www.caririemacao.com\/1\/wp-json\/wp\/v2\/posts"}],"about":[{"href":"https:\/\/www.caririemacao.com\/1\/wp-json\/wp\/v2\/types\/post"}],"author":[{"embeddable":true,"href":"https:\/\/www.caririemacao.com\/1\/wp-json\/wp\/v2\/users\/1"}],"replies":[{"embeddable":true,"href":"https:\/\/www.caririemacao.com\/1\/wp-json\/wp\/v2\/comments?post=101618"}],"version-history":[{"count":1,"href":"https:\/\/www.caririemacao.com\/1\/wp-json\/wp\/v2\/posts\/101618\/revisions"}],"predecessor-version":[{"id":101620,"href":"https:\/\/www.caririemacao.com\/1\/wp-json\/wp\/v2\/posts\/101618\/revisions\/101620"}],"wp:featuredmedia":[{"embeddable":true,"href":"https:\/\/www.caririemacao.com\/1\/wp-json\/wp\/v2\/media\/101619"}],"wp:attachment":[{"href":"https:\/\/www.caririemacao.com\/1\/wp-json\/wp\/v2\/media?parent=101618"}],"wp:term":[{"taxonomy":"category","embeddable":true,"href":"https:\/\/www.caririemacao.com\/1\/wp-json\/wp\/v2\/categories?post=101618"},{"taxonomy":"post_tag","embeddable":true,"href":"https:\/\/www.caririemacao.com\/1\/wp-json\/wp\/v2\/tags?post=101618"}],"curies":[{"name":"wp","href":"https:\/\/api.w.org\/{rel}","templated":true}]}}