{"id":101622,"date":"2019-06-22T12:44:56","date_gmt":"2019-06-22T15:44:56","guid":{"rendered":"http:\/\/www.caririemacao.com\/1\/?p=101622"},"modified":"2019-06-22T12:44:56","modified_gmt":"2019-06-22T15:44:56","slug":"irah-caldeira-e-dejinha-de-monteiro-sao-atracoes-neste-sabado-22-06-no-sao-joao-de-sume","status":"publish","type":"post","link":"https:\/\/www.caririemacao.com\/1\/2019\/06\/22\/irah-caldeira-e-dejinha-de-monteiro-sao-atracoes-neste-sabado-22-06-no-sao-joao-de-sume\/","title":{"rendered":"Irah Caldeira e Dejinha de Monteiro s\u00e3o atra\u00e7\u00f5es neste S\u00e1bado 22\/06 no S\u00e3o Jo\u00e3o de Sum\u00e9"},"content":{"rendered":"\n<p>Na pen\u00faltima noite de festa do S\u00e3o Jo\u00e3o de Sum\u00e9 tem os shows de Irah Caldeira e Dejinha de Monteiro . <\/p>\n\n\n\n<p>O s\u00e3o Jo\u00e3o de Sum\u00e9 iniciou desde o ultimo dia 14\/06 e vai at\u00e9 23\/06.\u00a0Os Shows acontecem na pra\u00e7a de ventos Jos\u00e9 Am\u00e9rico no centro da cidade as margens da BR 412, veja abaixo a programa\u00e7\u00e3o da Festa.<\/p>\n\n\n\n<p><strong>Dia 22\/06 <\/strong><\/p>\n\n\n\n<p>Dejinha de Monteiro <\/p>\n\n\n\n<p>Irah Caldeira<\/p>\n\n\n\n<p><strong>Dia 23\/06 <\/strong><\/p>\n\n\n\n<p>Forr\u00f3 Kente <\/p>\n\n\n\n<p>Os Gonzagas<\/p>\n","protected":false},"excerpt":{"rendered":"<p>Na pen\u00faltima noite de festa do S\u00e3o Jo\u00e3o de Sum\u00e9 tem os shows de Irah Caldeira e Dejinha de Monteiro . O s\u00e3o Jo\u00e3o de&hellip; <\/p>\n","protected":false},"author":1,"featured_media":101623,"comment_status":"closed","ping_status":"closed","sticky":false,"template":"","format":"standard","meta":{"sfsi_plus_gutenberg_text_before_share":"","sfsi_plus_gutenberg_show_text_before_share":"","sfsi_plus_gutenberg_icon_type":"","sfsi_plus_gutenberg_icon_alignemt":"","sfsi_plus_gutenburg_max_per_row":"","footnotes":""},"categories":[50,2],"tags":[],"class_list":["post-101622","post","type-post","status-publish","format-standard","has-post-thumbnail","hentry","category-destaque","category-geral"],"_links":{"self":[{"href":"https:\/\/www.caririemacao.com\/1\/wp-json\/wp\/v2\/posts\/101622","targetHints":{"allow":["GET"]}}],"collection":[{"href":"https:\/\/www.caririemacao.com\/1\/wp-json\/wp\/v2\/posts"}],"about":[{"href":"https:\/\/www.caririemacao.com\/1\/wp-json\/wp\/v2\/types\/post"}],"author":[{"embeddable":true,"href":"https:\/\/www.caririemacao.com\/1\/wp-json\/wp\/v2\/users\/1"}],"replies":[{"embeddable":true,"href":"https:\/\/www.caririemacao.com\/1\/wp-json\/wp\/v2\/comments?post=101622"}],"version-history":[{"count":1,"href":"https:\/\/www.caririemacao.com\/1\/wp-json\/wp\/v2\/posts\/101622\/revisions"}],"predecessor-version":[{"id":101624,"href":"https:\/\/www.caririemacao.com\/1\/wp-json\/wp\/v2\/posts\/101622\/revisions\/101624"}],"wp:featuredmedia":[{"embeddable":true,"href":"https:\/\/www.caririemacao.com\/1\/wp-json\/wp\/v2\/media\/101623"}],"wp:attachment":[{"href":"https:\/\/www.caririemacao.com\/1\/wp-json\/wp\/v2\/media?parent=101622"}],"wp:term":[{"taxonomy":"category","embeddable":true,"href":"https:\/\/www.caririemacao.com\/1\/wp-json\/wp\/v2\/categories?post=101622"},{"taxonomy":"post_tag","embeddable":true,"href":"https:\/\/www.caririemacao.com\/1\/wp-json\/wp\/v2\/tags?post=101622"}],"curies":[{"name":"wp","href":"https:\/\/api.w.org\/{rel}","templated":true}]}}