{"id":101631,"date":"2019-06-22T15:00:28","date_gmt":"2019-06-22T18:00:28","guid":{"rendered":"http:\/\/www.caririemacao.com\/1\/?p=101631"},"modified":"2019-06-22T15:00:28","modified_gmt":"2019-06-22T18:00:28","slug":"bolsonaro-afirma-que-congresso-nacional-quer-transforma-lo-em-rainha-da-inglaterra","status":"publish","type":"post","link":"https:\/\/www.caririemacao.com\/1\/2019\/06\/22\/bolsonaro-afirma-que-congresso-nacional-quer-transforma-lo-em-rainha-da-inglaterra\/","title":{"rendered":"Bolsonaro afirma que Congresso Nacional quer transform\u00e1-lo em rainha da Inglaterra"},"content":{"rendered":"\n<p>Envolto em uma turbulenta rela\u00e7\u00e3o com o Congresso, o presidente Jair Bolsonaro (PSL) disse neste s\u00e1bado (22) que o Legislativo passa a ter cada vez mais \u201csuperpoderes\u201d e que quer deix\u00e1-lo como \u201crainha da Inglaterra\u201d, que reina, mas n\u00e3o governa.<\/p>\n\n\n\n<p>\u201cP\u00f4, querem me deixar como rainha da Inglaterra? Este \u00e9 o caminho certo?\u201d, indagou Bolsonaro.<\/p>\n\n\n\n<p>O presidente fez o questionamento ao dizer que tomou conhecimento de um projeto na C\u00e2mara que transferiria a parlamentares o poder de fazer indica\u00e7\u00f5es para ag\u00eancias reguladoras. \u201cSe isso a\u00ed se transformar em lei, todas as ag\u00eancias ser\u00e3o indicadas por parlamentares. Imagina qual o crit\u00e9rio que v\u00e3o adotar. Acho que eu n\u00e3o preciso complementar\u201d, afirmou Bolsonaro.<\/p>\n\n\n\n<p>O presidente disse que \u201co Legislativo, cada vez mais, passa a ter superpoderes\u201d e disse que o pacto entre Executivo, Legislativo e Judici\u00e1rio deveria ser algo vindo \u201cdo cora\u00e7\u00e3o\u201d.<\/p>\n\n\n\n<p>\u201cCom todo respeito, nem precisava ter um pacto. Isso precisava ser do cora\u00e7\u00e3o, do teu sentimento, da tua alma\u201d, disse o presidente, na sa\u00edda do centro m\u00e9dico do Pal\u00e1cio do Planalto, onde foi nesta manh\u00e3 para fazer exames antes de embarcar para o Jap\u00e3o, na ter\u00e7a-feira (25) para participar da reuni\u00e3o do G-20.<\/p>\n\n\n\n<p>Ap\u00f3s os exames, o Planalto emitiu nota em que afirma que o presidente apresenta \u201c\u00f3timas condi\u00e7\u00f5es de sa\u00fade\u201d.<\/p>\n\n\n\n<p>O \u00faltimo projeto aprovado no Congresso sobre o assunto saiu do Senado em 6 de junho e est\u00e1 sobre a mesa de Bolsonaro para san\u00e7\u00e3o ou veto.<\/p>\n\n\n\n<p>O texto n\u00e3o passa para o Legislativo a atribui\u00e7\u00e3o de indicar conselheiros, diretores, presidentes, diretores-presidentes e diretores-gerais de ag\u00eancias reguladoras. Segundo a projeto aprovado, a escolha continua sendo do presidente da Rep\u00fablica, mas agora ele teria que selecionar um nome de uma lista tr\u00edplice que ser\u00e1 elaborada por uma comiss\u00e3o de sele\u00e7\u00e3o.<\/p>\n\n\n\n<p>A composi\u00e7\u00e3o e os procedimentos deste colegiado ser\u00e3o estabelecidos em regulamento, que deve ser feito por decreto do pr\u00f3prio presidente da Rep\u00fablica.<\/p>\n\n\n\n<figure class=\"wp-block-image\"><img decoding=\"async\" data-src=\"https:\/\/paraibaonline.com.br\/wp-content\/uploads\/2019\/06\/bolsonaro-5-567x397.jpg\" alt=\"Foto: Antonio Cruz\/Ag\u00eancia Brasil\" class=\"wp-image-746414 lazyload\" src=\"data:image\/svg+xml;base64,PHN2ZyB3aWR0aD0iMSIgaGVpZ2h0PSIxIiB4bWxucz0iaHR0cDovL3d3dy53My5vcmcvMjAwMC9zdmciPjwvc3ZnPg==\" style=\"--smush-placeholder-width: 567px; --smush-placeholder-aspect-ratio: 567\/397;\" \/><\/figure>\n\n\n\n<p>Foto: Antonio Cruz\/Ag\u00eancia Brasil<\/p>\n\n\n\n<p>O Senado tamb\u00e9m retirou trechos pol\u00eamicos que foram inclu\u00eddos na proposta alterando a Lei Geral das Estatais. Com isso, foram derrubados pontos que, na pr\u00e1tica, possibilitariam a nomea\u00e7\u00e3o de pol\u00edticos e seus parentes para cargos de dire\u00e7\u00e3o em empresas estatais.<\/p>\n\n\n\n<p>O presidente da C\u00e2mara, Rodrigo Maia (DEM-RJ), disse \u00e0 Folha que n\u00e3o comentaria as declara\u00e7\u00f5es de Bolsonaro. \u201cN\u00e3o vou responder pois acho que ele n\u00e3o compreendeu o projeto\u201d, afirmou Maia.<\/p>\n\n\n\n<p>Na mesma entrevista, Bolsonaro falou da reforma da Previd\u00eancia e disse que o tema se tornou \u201calgo m\u00e1gico\u201d, que vai voltar a criar empregos, algo que o presidente diz n\u00e3o depender dele.<\/p>\n\n\n\n<p>\u201cO pessoal cobra de mim emprego. Quem emprega n\u00e3o sou eu. Eu emprego quando crio cargo em comiss\u00e3o ou quando fa\u00e7o concurso. E Paulo Guedes [ministro da Economia] decidiu, basicamente, que poucas \u00e1reas ter\u00e3o concurso porque n\u00e3o tem como pagar mais\u201d, afirmou o presidente, dizendo que as Pol\u00edcias Federal e Rodovi\u00e1ria Federal s\u00e3o as exce\u00e7\u00f5es.<\/p>\n\n\n\n<p>Bolsonaro deixou o Pal\u00e1cio da Alvorada por volta de 9h20 deste s\u00e1bado. Fez exames no departamento m\u00e9dico do Planalto e seguiu para um supermercado no setor Sudoeste de Bras\u00edlia.<\/p>\n\n\n\n<p>L\u00e1, cumprimentou clientes e comprou xampus. Em seguida, Bolsonaro foi ao setor militar. Primeiro fez uma r\u00e1pida parada em um clube de quadras de futebol society e, depois, foi ao Clube do Ex\u00e9rcito, na mesma regi\u00e3o da cidade.<\/p>\n\n\n\n<p>No final da manh\u00e3, Bolsonaro fez ainda uma \u00faltima visita, desta vez ao Clube de Associados da Aeron\u00e1utica.<\/p>\n\n\n\n<p>Na sexta (21), ao anunciar mudan\u00e7as em sua equipe ministerial, Bolsonaro reconheceu que seu governo tinha problemas na articula\u00e7\u00e3o pol\u00edtica. Por meio de medida provis\u00f3ria publicada na quarta-feira (19), ele transferiu a articula\u00e7\u00e3o pol\u00edtica de Onyx Lorenzoni (Casa Civil) para o general Luiz Eduardo Ramos (Secretaria de Governo).<\/p>\n\n\n\n<p>O di\u00e1logo do governo com o Congresso \u00e9 alvo de constantes reclama\u00e7\u00f5es de parlamentares nesses quase seis meses de gest\u00e3o Bolsonaro e j\u00e1 imp\u00f4s uma s\u00e9rie de derrotas ao Planalto.<\/p>\n\n\n\n<p>Exemplo mais recente \u00e9 a aprova\u00e7\u00e3o de um texto pelo Senado esta semana que tira a validade de dois decretos presidenciais sobre porte e posse de armas. \u201cOra recebo cr\u00edtica do Parlamento que n\u00e3o mando projeto para l\u00e1, ora, se mandar um outro [projeto] agora atrapalha a Previd\u00eancia. Eu levo pancada o tempo todo\u201d, reclamou Bolsonaro neste s\u00e1bado.<\/p>\n\n\n\n<p>As queixas aos parlamentares eram direcionadas, sobretudo, a Onyx, a quem cabia a tarefa de atender as demandas do Legislativo.<\/p>\n\n\n\n<p>Reportagem da Folha deste s\u00e1bado (22) mostrou que, na v\u00e9spera de completar seis meses no cargo, Bolsonaro d\u00e1 sinais de que busca uma nova maneira de governar e deixar para tr\u00e1s a dif\u00edcil rela\u00e7\u00e3o com o Congresso at\u00e9 aqui.<\/p>\n\n\n\n<p>Na \u00faltima semana, demitiu dois ministros, modificou as fun\u00e7\u00f5es de 3 das 4 pastas que ficam no Pal\u00e1cio do Planalto e anunciou pessoalmente troca de comando em duas estatais: o BNDES e os Correios.<\/p>\n\n\n\n<p>No primeiro semestre como presidente, Bolsonaro adotou um modo oscilante na maneira de governar. Agora, tem demonstrado maior descontra\u00e7\u00e3o nas apari\u00e7\u00f5es p\u00fablicas.<\/p>\n\n\n\n<p>A mudan\u00e7a de humor, na avalia\u00e7\u00e3o de aliados, foi influenciada pelas manifesta\u00e7\u00f5es pr\u00f3-governo no fim de maio.<\/p>\n\n\n\n<p>Desde ent\u00e3o, o presidente tem parado com frequ\u00eancia para cumprimentar e conversar com apoiadores ao entrar e sair da resid\u00eancia oficial, o Pal\u00e1cio da Alvorada. Aproveita a ocasi\u00e3o para dar entrevistas aos rep\u00f3rteres que fazem plant\u00e3o no local.<\/p>\n\n\n\n<p>Apesar de uma melhora de clima, assessores presidenciais n\u00e3o acreditam que ele v\u00e1 adotar de forma constante uma vers\u00e3o \u201cpaz e amor\u201d, mantendo o m\u00e9todo de \u201cfritura p\u00fablica\u201d de seus auxiliares antes de demiti-los.<\/p>\n","protected":false},"excerpt":{"rendered":"<p>Envolto em uma turbulenta rela\u00e7\u00e3o com o Congresso, o presidente Jair Bolsonaro (PSL) disse neste s\u00e1bado (22) que o Legislativo passa a ter cada vez&hellip; <\/p>\n","protected":false},"author":1,"featured_media":101632,"comment_status":"closed","ping_status":"closed","sticky":false,"template":"","format":"standard","meta":{"sfsi_plus_gutenberg_text_before_share":"","sfsi_plus_gutenberg_show_text_before_share":"","sfsi_plus_gutenberg_icon_type":"","sfsi_plus_gutenberg_icon_alignemt":"","sfsi_plus_gutenburg_max_per_row":"","footnotes":""},"categories":[11],"tags":[],"class_list":["post-101631","post","type-post","status-publish","format-standard","has-post-thumbnail","hentry","category-politica"],"_links":{"self":[{"href":"https:\/\/www.caririemacao.com\/1\/wp-json\/wp\/v2\/posts\/101631","targetHints":{"allow":["GET"]}}],"collection":[{"href":"https:\/\/www.caririemacao.com\/1\/wp-json\/wp\/v2\/posts"}],"about":[{"href":"https:\/\/www.caririemacao.com\/1\/wp-json\/wp\/v2\/types\/post"}],"author":[{"embeddable":true,"href":"https:\/\/www.caririemacao.com\/1\/wp-json\/wp\/v2\/users\/1"}],"replies":[{"embeddable":true,"href":"https:\/\/www.caririemacao.com\/1\/wp-json\/wp\/v2\/comments?post=101631"}],"version-history":[{"count":1,"href":"https:\/\/www.caririemacao.com\/1\/wp-json\/wp\/v2\/posts\/101631\/revisions"}],"predecessor-version":[{"id":101633,"href":"https:\/\/www.caririemacao.com\/1\/wp-json\/wp\/v2\/posts\/101631\/revisions\/101633"}],"wp:featuredmedia":[{"embeddable":true,"href":"https:\/\/www.caririemacao.com\/1\/wp-json\/wp\/v2\/media\/101632"}],"wp:attachment":[{"href":"https:\/\/www.caririemacao.com\/1\/wp-json\/wp\/v2\/media?parent=101631"}],"wp:term":[{"taxonomy":"category","embeddable":true,"href":"https:\/\/www.caririemacao.com\/1\/wp-json\/wp\/v2\/categories?post=101631"},{"taxonomy":"post_tag","embeddable":true,"href":"https:\/\/www.caririemacao.com\/1\/wp-json\/wp\/v2\/tags?post=101631"}],"curies":[{"name":"wp","href":"https:\/\/api.w.org\/{rel}","templated":true}]}}