{"id":101637,"date":"2019-06-22T15:02:54","date_gmt":"2019-06-22T18:02:54","guid":{"rendered":"http:\/\/www.caririemacao.com\/1\/?p=101637"},"modified":"2019-06-22T15:02:54","modified_gmt":"2019-06-22T18:02:54","slug":"caracteristicas-do-autismo-sao-perceptiveis-nos-primeiros-anos-de-vida","status":"publish","type":"post","link":"https:\/\/www.caririemacao.com\/1\/2019\/06\/22\/caracteristicas-do-autismo-sao-perceptiveis-nos-primeiros-anos-de-vida\/","title":{"rendered":"Caracter\u00edsticas do autismo s\u00e3o percept\u00edveis nos primeiros anos de vida"},"content":{"rendered":"\n<p><br>Atraso na fala, dificuldade de comunica\u00e7\u00e3o, falta de intera\u00e7\u00e3o social e de contato visual s\u00e3o caracter\u00edsticas comuns do transtorno do espectro do autismo percept\u00edveis j\u00e1 nos primeiros anos de vida.<\/p>\n\n\n\n<p>Foi observando caracter\u00edsticas semelhantes a essas que a professora Michele Barros descobriu que o filho tem autismo. Logo cedo, a m\u00e3e percebeu que o comportamento do pequeno Emanuel era diferente do das crian\u00e7as da creche onde ele entrou com 6 meses. Emanuel chegou aos 2 anos sem falar, n\u00e3o apontava objetos, nem a comida quando estava com fome. Come\u00e7ou ter comportamentos repetitivos e n\u00e3o interagia com outras crian\u00e7as.<\/p>\n\n\n\n<p>\u201cFui notando coisas que eram diferentes. Ele n\u00e3o gostava de ir a lugar com barulho, ia a festas de anivers\u00e1rio e, na hora dos parab\u00e9ns, tampava os ouvidos e chorava. A professora come\u00e7ou a notar tamb\u00e9m que, quando contava hist\u00f3rias, Emanuel estava andando, olhando para a parede, n\u00e3o participava de nada e tinha muitas rotinas. Queria ficar s\u00f3 acendendo e apagando a luz, abrindo e fechando a porta, n\u00e3o participava [de atividades e brincadeiras] com as outras crian\u00e7as.\u201d<\/p>\n\n\n\n<p>Michele Barros, ent\u00e3o, procurou especialistas para tratar do filho. Emanuel come\u00e7ou fazer v\u00e1rios tipos de terapia e, com pouco mais de um ano de tratamento, teve bons resultados. Hoje, com 4 anos, ele j\u00e1 fala frases, consegue demonstrar o que quer e brincar perto de outras crian\u00e7as. \u201cS\u00e3o muitas terapias, \u00e9 pesado, mas \u00e9 gratificante. Vemos que temos retorno do que estamos investindo.\u201d<\/p>\n\n\n\n<p>Na \u00faltima ter\u00e7a-feira (18), Dia do Orgulho Autista, a Ag\u00eancia Brasil ouviu a hist\u00f3ria de Michele Barros e de outras pessoas que lidam com o transtorno para falar sobre o diagn\u00f3stico e o tratamento do autismo.<\/p>\n\n\n\n<p>Diagn\u00f3stico<br>O diagn\u00f3stico do autismo \u00e9 essencialmente cl\u00ednico, feito por meio da observa\u00e7\u00e3o do comportamento e com a participa\u00e7\u00e3o de psic\u00f3logos, psiquiatras e neurologistas. H\u00e1 tr\u00eas caracter\u00edsticas principais a serem observadas no comportamento que podem indicar o autismo, explica a professora aposentada do Departamento de Psicologia Cl\u00ednica da Universidade de Bras\u00edlia, Izabel Raso Tafuri.<\/p>\n\n\n\n<figure class=\"wp-block-image\"><img decoding=\"async\" data-src=\"https:\/\/paraibaonline.com.br\/wp-content\/uploads\/2019\/06\/autismo-567x378.jpg\" alt=\"Foto: Unicef\/ONU\" class=\"wp-image-746403 lazyload\" src=\"data:image\/svg+xml;base64,PHN2ZyB3aWR0aD0iMSIgaGVpZ2h0PSIxIiB4bWxucz0iaHR0cDovL3d3dy53My5vcmcvMjAwMC9zdmciPjwvc3ZnPg==\" style=\"--smush-placeholder-width: 567px; --smush-placeholder-aspect-ratio: 567\/378;\" \/><\/figure>\n\n\n\n<p>Foto: Unicef\/ONU<\/p>\n\n\n\n<p>Uma das caracter\u00edsticas \u00e9 o atraso significativo da fala e da capacidade de comunica\u00e7\u00e3o da crian\u00e7a, ou seja, de se fazer entender e transmitir uma mensagem com frases. H\u00e1 tamb\u00e9m dificuldade de intera\u00e7\u00e3o, o que leva a crian\u00e7a a se isolar, n\u00e3o conseguir brincar com as outras e se sentir exclu\u00edda na sociedade. Outro tra\u00e7o s\u00e3o comportamento repetitivos, ritmados e obsessivos ou ritual\u00edsticos.<\/p>\n\n\n\n<p>\u201cBeb\u00eas com risco de desenvolver autismo geralmente n\u00e3o apresentam modula\u00e7\u00f5es na voz, n\u00e3o olham para as m\u00e3es quando est\u00e3o sendo amamentados e muitos n\u00e3o se aconchegam nos colos das m\u00e3es\u201d, explicou Izabel.<\/p>\n\n\n\n<p>Os sintomas caracter\u00edsticos dos transtornos do espectro do autismo est\u00e3o presentes antes dos 3 anos de idade. Segundo a presidente do Movimento Orgulho Autista Brasil, Viviane Guimar\u00e3es, o diagn\u00f3stico \u00e9 poss\u00edvel por volta dos 18 meses. Quanto mais cedo o transtorno for diagnosticado, mais chances o autista tem de desenvolver autonomia e se tornar um adulto mais independente, afirma Viviane.<\/p>\n\n\n\n<p>\u201cQuanto mais cedo a gente conseguir diagnosticar, menos atrasos a crian\u00e7a vai ter. Nosso c\u00e9rebro fecha alguns canais de aprendizagem com determinada idade. O ideal \u00e9 iniciar uma interven\u00e7\u00e3o antes dos 3 anos. Conseguindo fazer isso, a crian\u00e7a vai ter mais autonomia. N\u00f3s, do Movimento Orgulho Autista, trabalhamos em uma lei que fala da import\u00e2ncia de ser diagnosticado antes dos 18 meses\u201d, acrescenta Viviane. Ela tem um filho de 18 anos, Caio, que \u00e9 autista. O diagn\u00f3stico correto de Caio veio apenas perto dos 13 anos, ap\u00f3s ele ter passado por oito m\u00e9dicos.<\/p>\n\n\n\n<p><strong>Tratamento<\/strong><\/p>\n\n\n\n<p>Segundo Viviane, ap\u00f3s a confirma\u00e7\u00e3o do autismo, \u00e9 importante fazer avalia\u00e7\u00e3o com psic\u00f3logo, neuropsic\u00f3logo, para verificar o ponto que precisa ser mais trabalhado naquela crian\u00e7a. Ela aconselha as m\u00e3es tamb\u00e9m procurarem informa\u00e7\u00e3o.<\/p>\n\n\n\n<p>\u201cN\u00e3o acredite em tudo que voc\u00ea ouve, nem em qualquer tratamento. Procure o que tem comprova\u00e7\u00e3o cient\u00edfica, estude porque voc\u00ea \u00e9 o principal apoio que seu filho vai ter durante toda a vida.\u201d<\/p>\n\n\n\n<p>A Associa\u00e7\u00e3o de Amigos do Autista recomenda que, uma vez diagnosticado o autismo, uma equipe multidisciplinar avalie e desenvolva um programa de interven\u00e7\u00e3o espec\u00edfico para cada crian\u00e7a j\u00e1 que existem diferentes graus de autismo e nenhuma pessoa com autismo \u00e9 igual a outra.<\/p>\n\n\n\n<p>\u201cOs sinais de autismo que aparecem na tenra inf\u00e2ncia, at\u00e9 os 3 anos de idade, podem desaparecer significativamente se o tratamento for feito a termo e se n\u00e3o houver nenhuma doen\u00e7a neurol\u00f3gica associada ao quadro do autismo que pode trazer incapacidade para a crian\u00e7a\u201d, explica Izabel Raso Tafuri.<\/p>\n\n\n\n<p>M\u00e3e de um autista que est\u00e1 com 41 anos, Marisa Furia Silva, que \u00e9 vice-presidente da Regi\u00e3o Sudeste da Associa\u00e7\u00e3o Brasileira de Autismo, considera um grande desafio a ser enfrentado no tratamento do autismo a necessidade de um servi\u00e7o p\u00fablico adequado para atender essa popula\u00e7\u00e3o ao longo da vida.<\/p>\n\n\n\n<p>\u201cO autismo hoje n\u00e3o tem cura, e temos que fazer o m\u00e1ximo poss\u00edvel com os servi\u00e7os gratuitos. O Sistema \u00danico de Sa\u00fade [SUS] e as escolas t\u00eam que atender a popula\u00e7\u00e3o autista de forma correta, para que, assim, essas pessoas tornem-se adultos mais produtivos e independentes com atendimento di\u00e1rio.\u201d<\/p>\n\n\n\n<p>Com mais de 40 anos de conviv\u00eancia di\u00e1ria com o autismo na cria\u00e7\u00e3o do filho, Marisa Furia diz que as fam\u00edlias que vivem a mesma situa\u00e7\u00e3o precisam enfrentar os desafios. \u201cN\u00e3o se desespere, tem que enfrentar e lutar para que essas crian\u00e7as tenham as condi\u00e7\u00f5es necess\u00e1rias para se tornar adultos o menos comprometidos poss\u00edvel e tenham uma vida adequada e digna.\u201d<\/p>\n\n\n\n<p>No Dia do Orgulho Autista, em audi\u00eancia p\u00fablica, a Comiss\u00e3o de Direitos Humanos e Legisla\u00e7\u00e3o Participativa (CDH) do Senado Federal discutiu o atendimento aos autistas no sistema p\u00fablico de sa\u00fade.<\/p>\n","protected":false},"excerpt":{"rendered":"<p>Atraso na fala, dificuldade de comunica\u00e7\u00e3o, falta de intera\u00e7\u00e3o social e de contato visual s\u00e3o caracter\u00edsticas comuns do transtorno do espectro do autismo percept\u00edveis j\u00e1&hellip; <\/p>\n","protected":false},"author":1,"featured_media":101638,"comment_status":"closed","ping_status":"closed","sticky":false,"template":"","format":"standard","meta":{"sfsi_plus_gutenberg_text_before_share":"","sfsi_plus_gutenberg_show_text_before_share":"","sfsi_plus_gutenberg_icon_type":"","sfsi_plus_gutenberg_icon_alignemt":"","sfsi_plus_gutenburg_max_per_row":"","footnotes":""},"categories":[50,16],"tags":[],"class_list":["post-101637","post","type-post","status-publish","format-standard","has-post-thumbnail","hentry","category-destaque","category-saude"],"_links":{"self":[{"href":"https:\/\/www.caririemacao.com\/1\/wp-json\/wp\/v2\/posts\/101637","targetHints":{"allow":["GET"]}}],"collection":[{"href":"https:\/\/www.caririemacao.com\/1\/wp-json\/wp\/v2\/posts"}],"about":[{"href":"https:\/\/www.caririemacao.com\/1\/wp-json\/wp\/v2\/types\/post"}],"author":[{"embeddable":true,"href":"https:\/\/www.caririemacao.com\/1\/wp-json\/wp\/v2\/users\/1"}],"replies":[{"embeddable":true,"href":"https:\/\/www.caririemacao.com\/1\/wp-json\/wp\/v2\/comments?post=101637"}],"version-history":[{"count":1,"href":"https:\/\/www.caririemacao.com\/1\/wp-json\/wp\/v2\/posts\/101637\/revisions"}],"predecessor-version":[{"id":101639,"href":"https:\/\/www.caririemacao.com\/1\/wp-json\/wp\/v2\/posts\/101637\/revisions\/101639"}],"wp:featuredmedia":[{"embeddable":true,"href":"https:\/\/www.caririemacao.com\/1\/wp-json\/wp\/v2\/media\/101638"}],"wp:attachment":[{"href":"https:\/\/www.caririemacao.com\/1\/wp-json\/wp\/v2\/media?parent=101637"}],"wp:term":[{"taxonomy":"category","embeddable":true,"href":"https:\/\/www.caririemacao.com\/1\/wp-json\/wp\/v2\/categories?post=101637"},{"taxonomy":"post_tag","embeddable":true,"href":"https:\/\/www.caririemacao.com\/1\/wp-json\/wp\/v2\/tags?post=101637"}],"curies":[{"name":"wp","href":"https:\/\/api.w.org\/{rel}","templated":true}]}}