{"id":101643,"date":"2019-06-22T15:06:27","date_gmt":"2019-06-22T18:06:27","guid":{"rendered":"http:\/\/www.caririemacao.com\/1\/?p=101643"},"modified":"2019-06-22T15:06:27","modified_gmt":"2019-06-22T18:06:27","slug":"sao-sebastiao-do-umbuzeiro-teve-ontem-quadrilha-da-praca-central","status":"publish","type":"post","link":"https:\/\/www.caririemacao.com\/1\/2019\/06\/22\/sao-sebastiao-do-umbuzeiro-teve-ontem-quadrilha-da-praca-central\/","title":{"rendered":"S\u00e3o Sebasti\u00e3o do Umbuzeiro teve ontem quadrilha da Pra\u00e7a Central"},"content":{"rendered":"\n<figure class=\"wp-block-image\"><img decoding=\"async\" data-src=\"https:\/\/lh3.googleusercontent.com\/proxy\/ENKsSD7aGQeIGaB_k_utNFfXszKIOwgRV6shOgT6tmSfvRaH8Q_cjjsfs8EFBUASeMYqGsR67kbmjjTfmDzi5rPicuVruSZOm63Mt5waH_wNwVBqV0Iv2Q=s0-d\" alt=\"\" src=\"data:image\/svg+xml;base64,PHN2ZyB3aWR0aD0iMSIgaGVpZ2h0PSIxIiB4bWxucz0iaHR0cDovL3d3dy53My5vcmcvMjAwMC9zdmciPjwvc3ZnPg==\" class=\"lazyload\" \/><\/figure>\n\n\n\n<p>Foi realizada na noite desta sexta-feira (21) na Pra\u00e7a Central de S\u00e3o Sebasti\u00e3o do Umbuzeiro, mais uma quadrilha Junina. A organiza\u00e7\u00e3o foi de Cebolinha e Fam\u00edlia, e Paulo do Quiosque. O evento \u00e9 realizado pela Prefeitura Municipal, e \u00e9 sucesso de publico.<br>A realiza\u00e7\u00e3o do certame envolvendo quadrilhas juninas nas ruas da cidade demonstra que o S\u00e3o Jo\u00e3o, com o autentico Forr\u00f3 P\u00e9 de Serra estimula a participa\u00e7\u00e3o e contempla pessoas dos mais diversos segmentos sociais e culturais.<br>\u201cS\u00e3o Jo\u00e3o tradi\u00e7\u00e3o \u00e9 aqui, venham nos visitar, aqui tem as tradicionais quadrilhas juninas at\u00e9 27 de julho, cada uma melhor do que a outra, se vc gosta de dan\u00e7ar um forrozinho p\u00e9 de serra, S\u00e3o Sebasti\u00e3o do Umbuzeiro \u00e9 a localidade\u201d disse o prefeito Adriano Wolff.<br><strong>Com BLOG DO DIDI<\/strong><\/p>\n","protected":false},"excerpt":{"rendered":"<p>Foi realizada na noite desta sexta-feira (21) na Pra\u00e7a Central de S\u00e3o Sebasti\u00e3o do Umbuzeiro, mais uma quadrilha Junina. A organiza\u00e7\u00e3o foi de Cebolinha e&hellip; <\/p>\n","protected":false},"author":1,"featured_media":101644,"comment_status":"closed","ping_status":"closed","sticky":false,"template":"","format":"standard","meta":{"sfsi_plus_gutenberg_text_before_share":"","sfsi_plus_gutenberg_show_text_before_share":"","sfsi_plus_gutenberg_icon_type":"","sfsi_plus_gutenberg_icon_alignemt":"","sfsi_plus_gutenburg_max_per_row":"","footnotes":""},"categories":[6],"tags":[],"class_list":["post-101643","post","type-post","status-publish","format-standard","has-post-thumbnail","hentry","category-cidades"],"_links":{"self":[{"href":"https:\/\/www.caririemacao.com\/1\/wp-json\/wp\/v2\/posts\/101643","targetHints":{"allow":["GET"]}}],"collection":[{"href":"https:\/\/www.caririemacao.com\/1\/wp-json\/wp\/v2\/posts"}],"about":[{"href":"https:\/\/www.caririemacao.com\/1\/wp-json\/wp\/v2\/types\/post"}],"author":[{"embeddable":true,"href":"https:\/\/www.caririemacao.com\/1\/wp-json\/wp\/v2\/users\/1"}],"replies":[{"embeddable":true,"href":"https:\/\/www.caririemacao.com\/1\/wp-json\/wp\/v2\/comments?post=101643"}],"version-history":[{"count":1,"href":"https:\/\/www.caririemacao.com\/1\/wp-json\/wp\/v2\/posts\/101643\/revisions"}],"predecessor-version":[{"id":101645,"href":"https:\/\/www.caririemacao.com\/1\/wp-json\/wp\/v2\/posts\/101643\/revisions\/101645"}],"wp:featuredmedia":[{"embeddable":true,"href":"https:\/\/www.caririemacao.com\/1\/wp-json\/wp\/v2\/media\/101644"}],"wp:attachment":[{"href":"https:\/\/www.caririemacao.com\/1\/wp-json\/wp\/v2\/media?parent=101643"}],"wp:term":[{"taxonomy":"category","embeddable":true,"href":"https:\/\/www.caririemacao.com\/1\/wp-json\/wp\/v2\/categories?post=101643"},{"taxonomy":"post_tag","embeddable":true,"href":"https:\/\/www.caririemacao.com\/1\/wp-json\/wp\/v2\/tags?post=101643"}],"curies":[{"name":"wp","href":"https:\/\/api.w.org\/{rel}","templated":true}]}}