{"id":101651,"date":"2019-06-22T16:36:33","date_gmt":"2019-06-22T19:36:33","guid":{"rendered":"http:\/\/www.caririemacao.com\/1\/?p=101651"},"modified":"2019-06-22T16:36:33","modified_gmt":"2019-06-22T19:36:33","slug":"anatel-aprova-plano-estrutural-de-redes-de-telecomunicacoes-para-ampliar-banda-larga-no-brasil","status":"publish","type":"post","link":"https:\/\/www.caririemacao.com\/1\/2019\/06\/22\/anatel-aprova-plano-estrutural-de-redes-de-telecomunicacoes-para-ampliar-banda-larga-no-brasil\/","title":{"rendered":"Anatel aprova Plano Estrutural de Redes de Telecomunica\u00e7\u00f5es para ampliar banda larga no Brasil"},"content":{"rendered":"\n<p>O Conselho Diretor da Ag\u00eancia Nacional de Telecomunica\u00e7\u00f5es (Anatel) aprovou o Plano Estrutural de Redes de Telecomunica\u00e7\u00f5es (Pert). A meta \u00e9 ampliar o acesso \u00e0 banda larga no Brasil.<\/p>\n\n\n\n<p>O plano traz um diagn\u00f3stico da infraestrutura de telecomunica\u00e7\u00f5es do pa\u00eds e apresenta projetos para supera\u00e7\u00e3o das defici\u00eancias. Est\u00e3o previstas a expans\u00e3o das redes de transporte, amplia\u00e7\u00e3o das redes de acesso e implanta\u00e7\u00e3o de redes p\u00fablicas essenciais.<\/p>\n\n\n\n<p>A proposta \u00e9 a implanta\u00e7\u00e3o de redes de comunica\u00e7\u00e3o para servi\u00e7os p\u00fablicos essenciais como educa\u00e7\u00e3o, pesquisa, sa\u00fade, seguran\u00e7a p\u00fablica e defesa.<\/p>\n\n\n\n<p>\u201cO Brasil ainda precisa superar o desafio da conectividade e o \u00fanico caminho poss\u00edvel \u00e9 desenvolver a sua infraestrutura de redes\u201d, disse o conselheiro relator do plano, An\u00edbal Diniz, em declara\u00e7\u00e3o publicada pelo site da Anatel.<\/p>\n\n\n\n<p>Com o Pert, a Anatel quer estimular os setores p\u00fablico e privado de telecomunica\u00e7\u00f5es. Em 2018, 3.542 munic\u00edpios eram atendidos por fibra \u00f3tica, enquanto os outros 2.028 n\u00e3o contavam com essa estrutura.<\/p>\n\n\n\n<p>O plano prop\u00f5e a amplia\u00e7\u00e3o do atendimento por fibra e, nas cidades onde n\u00e3o for vi\u00e1vel, por meio de conex\u00f5es de alta capacidade por sat\u00e9lite ou outras tecnologias.<\/p>\n\n\n\n<p>O Plano Estrutural de Redes de Telecomunica\u00e7\u00f5es ser\u00e1 revisado anualmente, considerando a progressiva melhoria na coleta de dados e o gradual ac\u00famulo de informa\u00e7\u00f5es.<\/p>\n","protected":false},"excerpt":{"rendered":"<p>O Conselho Diretor da Ag\u00eancia Nacional de Telecomunica\u00e7\u00f5es (Anatel) aprovou o Plano Estrutural de Redes de Telecomunica\u00e7\u00f5es (Pert). A meta \u00e9 ampliar o acesso \u00e0&hellip; <\/p>\n","protected":false},"author":1,"featured_media":101652,"comment_status":"closed","ping_status":"closed","sticky":false,"template":"","format":"standard","meta":{"sfsi_plus_gutenberg_text_before_share":"","sfsi_plus_gutenberg_show_text_before_share":"","sfsi_plus_gutenberg_icon_type":"","sfsi_plus_gutenberg_icon_alignemt":"","sfsi_plus_gutenburg_max_per_row":"","footnotes":""},"categories":[2],"tags":[],"class_list":["post-101651","post","type-post","status-publish","format-standard","has-post-thumbnail","hentry","category-geral"],"_links":{"self":[{"href":"https:\/\/www.caririemacao.com\/1\/wp-json\/wp\/v2\/posts\/101651","targetHints":{"allow":["GET"]}}],"collection":[{"href":"https:\/\/www.caririemacao.com\/1\/wp-json\/wp\/v2\/posts"}],"about":[{"href":"https:\/\/www.caririemacao.com\/1\/wp-json\/wp\/v2\/types\/post"}],"author":[{"embeddable":true,"href":"https:\/\/www.caririemacao.com\/1\/wp-json\/wp\/v2\/users\/1"}],"replies":[{"embeddable":true,"href":"https:\/\/www.caririemacao.com\/1\/wp-json\/wp\/v2\/comments?post=101651"}],"version-history":[{"count":1,"href":"https:\/\/www.caririemacao.com\/1\/wp-json\/wp\/v2\/posts\/101651\/revisions"}],"predecessor-version":[{"id":101653,"href":"https:\/\/www.caririemacao.com\/1\/wp-json\/wp\/v2\/posts\/101651\/revisions\/101653"}],"wp:featuredmedia":[{"embeddable":true,"href":"https:\/\/www.caririemacao.com\/1\/wp-json\/wp\/v2\/media\/101652"}],"wp:attachment":[{"href":"https:\/\/www.caririemacao.com\/1\/wp-json\/wp\/v2\/media?parent=101651"}],"wp:term":[{"taxonomy":"category","embeddable":true,"href":"https:\/\/www.caririemacao.com\/1\/wp-json\/wp\/v2\/categories?post=101651"},{"taxonomy":"post_tag","embeddable":true,"href":"https:\/\/www.caririemacao.com\/1\/wp-json\/wp\/v2\/tags?post=101651"}],"curies":[{"name":"wp","href":"https:\/\/api.w.org\/{rel}","templated":true}]}}