{"id":101658,"date":"2019-06-22T18:18:13","date_gmt":"2019-06-22T21:18:13","guid":{"rendered":"http:\/\/www.caririemacao.com\/1\/?p=101658"},"modified":"2019-06-22T18:18:13","modified_gmt":"2019-06-22T21:18:13","slug":"arraial-duduzao-em-caraubas-tem-noite-de-recorde-de-publico-com-o-sao-joao-dos-agricultores","status":"publish","type":"post","link":"https:\/\/www.caririemacao.com\/1\/2019\/06\/22\/arraial-duduzao-em-caraubas-tem-noite-de-recorde-de-publico-com-o-sao-joao-dos-agricultores\/","title":{"rendered":"Arraial Duduz\u00e3o, em Cara\u00fabas, tem noite de recorde de p\u00fablico com o S\u00e3o Jo\u00e3o dos agricultores"},"content":{"rendered":"\n<p>Uma das melhores \u00e9pocas do ano para se festejar a fartura da colheita e os santos juninos \u00e9 sem sombra de d\u00favidas o m\u00eas de Junho. \u00c9 nesta \u00e9poca em que, principalmente, os agricultores aproveitam para celebrar o resultado do plantio e comemorar com muito forr\u00f3 e alegria os santos juninos, Ant\u00f4nio, Jo\u00e3o e Pedro.<\/p>\n\n\n\n<p>Em Cara\u00fabas, as noites juninas ganharam mais um motivo para tanta anima\u00e7\u00e3o. A Prefeitura Municipal de Cara\u00fabas atrav\u00e9s da Secretaria do Turismo e por determina\u00e7\u00e3o do prefeito Silvano Dudu vem realizando desde o ano de 2017 o Arraial Duduz\u00e3o, em pra\u00e7a p\u00fablica. Uma vasta programa\u00e7\u00e3o foi elaborada para animar todas as noites do m\u00eas de junho. Neste dia 21, o arraial Duduz\u00e3o recebeu a noite da Agricultura. <\/p>\n\n\n\n<p>De acordo com o secret\u00e1rio Rone Feitoza, todas as expectativas foram superadas, haja vista, que tivemos um recorde de p\u00fablico no arraial desde sua cria\u00e7\u00e3o. Para se ter uma ideia a quadrilha formada teve a participa\u00e7\u00e3o de 75(setenta e cinco) casais se tornando uma das maiores j\u00e1 realizadas. <\/p>\n\n\n\n<p>&#8220;Estou muito feliz porque os agricultores atenderam o nosso convite e vieram festejar esta data especial, disse o secret\u00e1rio da agricultura.Levando em considera\u00e7\u00e3o que 75 casais correspondem a 150 pessoas, tivemos um p\u00fablico estimado de mais de 400 (quatrocentas) pessoas somente nesta noite dedicada aos agricultores do munic\u00edpio de Cara\u00fabas&#8221;, comentou. <\/p>\n\n\n\n<p>Os participantes puderam degustar muita comida t\u00edpica, pamonha, canjica, queijo, milho cozido e assado, bolo de milho, p\u00e9 de moleque e quent\u00e3o. Claro que n\u00e3o pode faltar o tradicional forro p\u00e9 de serra animado por Gilsinho do acordeon e banda.<\/p>\n\n\n\n<p>O prefeito Silvano Dudu esteve presente e prestigiou ao lado da primeira dama, Neide de Assis toda programa\u00e7\u00e3o. &#8220;Estamos realizados pelo que estamos presenciando nesta noite, muita gente bonita, animada, participando ativamente desta programa\u00e7\u00e3o. N\u00e3o tem pre\u00e7o que pague ver a alegria estampada no rosto desta gente que j\u00e1 sofre o ano inteiro com a escassez de chuvas que provoca a seca e os seus efeitos. Comemorar nesta \u00e9poca \u00e9 uma das melhores coisas que o homem do campo precisa fazer&#8221;, afirmou o prefeito.<\/p>\n\n\n\n<p>O secret\u00e1rio Rone aproveitou a oportunidade para agradecer ao prefeito Silvano Dudu por todo apoio dado, bem como aos parceiros, colaboradores e amigos que fizeram com que a noite dedicada ao agricultor fosse realizada. &#8220;Estou muito realizado e feliz por tudo que estamos conquistando para os nossos agricultores que s\u00e3o o Futuro de nossa gente&#8221;, finalizou.<\/p>\n\n\n\n<p><br>Fonte:\u00a0<strong>SEPLACOM<\/strong><\/p>\n\n\n\n<p>Foto:\u00a0<strong>Miguel Filho<\/strong><\/p>\n","protected":false},"excerpt":{"rendered":"<p>Uma das melhores \u00e9pocas do ano para se festejar a fartura da colheita e os santos juninos \u00e9 sem sombra de d\u00favidas o m\u00eas de&hellip; <\/p>\n","protected":false},"author":2,"featured_media":101659,"comment_status":"closed","ping_status":"closed","sticky":false,"template":"","format":"standard","meta":{"sfsi_plus_gutenberg_text_before_share":"","sfsi_plus_gutenberg_show_text_before_share":"","sfsi_plus_gutenberg_icon_type":"","sfsi_plus_gutenberg_icon_alignemt":"","sfsi_plus_gutenburg_max_per_row":"","footnotes":""},"categories":[6,50],"tags":[],"class_list":["post-101658","post","type-post","status-publish","format-standard","has-post-thumbnail","hentry","category-cidades","category-destaque"],"_links":{"self":[{"href":"https:\/\/www.caririemacao.com\/1\/wp-json\/wp\/v2\/posts\/101658","targetHints":{"allow":["GET"]}}],"collection":[{"href":"https:\/\/www.caririemacao.com\/1\/wp-json\/wp\/v2\/posts"}],"about":[{"href":"https:\/\/www.caririemacao.com\/1\/wp-json\/wp\/v2\/types\/post"}],"author":[{"embeddable":true,"href":"https:\/\/www.caririemacao.com\/1\/wp-json\/wp\/v2\/users\/2"}],"replies":[{"embeddable":true,"href":"https:\/\/www.caririemacao.com\/1\/wp-json\/wp\/v2\/comments?post=101658"}],"version-history":[{"count":1,"href":"https:\/\/www.caririemacao.com\/1\/wp-json\/wp\/v2\/posts\/101658\/revisions"}],"predecessor-version":[{"id":101660,"href":"https:\/\/www.caririemacao.com\/1\/wp-json\/wp\/v2\/posts\/101658\/revisions\/101660"}],"wp:featuredmedia":[{"embeddable":true,"href":"https:\/\/www.caririemacao.com\/1\/wp-json\/wp\/v2\/media\/101659"}],"wp:attachment":[{"href":"https:\/\/www.caririemacao.com\/1\/wp-json\/wp\/v2\/media?parent=101658"}],"wp:term":[{"taxonomy":"category","embeddable":true,"href":"https:\/\/www.caririemacao.com\/1\/wp-json\/wp\/v2\/categories?post=101658"},{"taxonomy":"post_tag","embeddable":true,"href":"https:\/\/www.caririemacao.com\/1\/wp-json\/wp\/v2\/tags?post=101658"}],"curies":[{"name":"wp","href":"https:\/\/api.w.org\/{rel}","templated":true}]}}