{"id":101661,"date":"2019-06-22T21:45:57","date_gmt":"2019-06-23T00:45:57","guid":{"rendered":"http:\/\/www.caririemacao.com\/1\/?p=101661"},"modified":"2019-06-22T21:45:57","modified_gmt":"2019-06-23T00:45:57","slug":"exclusivo-delegado-esclarece-a-falta-de-registro-de-ocorrencia-no-cariri","status":"publish","type":"post","link":"https:\/\/www.caririemacao.com\/1\/2019\/06\/22\/exclusivo-delegado-esclarece-a-falta-de-registro-de-ocorrencia-no-cariri\/","title":{"rendered":"EXCLUSIVO: Delegado esclarece a falta de registro de ocorr\u00eancia no Cariri"},"content":{"rendered":"\n<p>O delegado seccional, Cristiano Santana, em contato com a reportagem do Cariri em A\u00e7\u00e3o, esclareceu o caso do cidad\u00e3o Civaldo do Sacol\u00e3o que n\u00e3o conseguiu registrar ocorr\u00eancia em rela\u00e7\u00e3o ao arrombamento em seu estabelecimento comercial \u201cSacol\u00e3o do Povo\u201d, localizado pr\u00f3ximo \u00e0 Pra\u00e7a da Saudade, bem no centro da cidade, onde o mesmo foi alvo de dois arrombamentos em menos de 04 dias. <\/p>\n\n\n\n<p>Segundo o delegado Cristiano Santana, o dono do estabelecimento foi realizar a ocorr\u00eancia antes do hor\u00e1rio de atendimento que inicia-se \u00e1s 08h da manh\u00e3, mesmo assim, ele foi orientado a retornar no hor\u00e1rio de funcionamento para registrar sua ocorr\u00eancia e a Pol\u00edcia Civil tomar as devidas providencias ao caso.<\/p>\n\n\n\n<p>Acontece que, segundo o delegado, que chegou a conversar com Civaldo do Sacol\u00e3o, o registro n\u00e3o foi feito porque o dono do estabelecimento n\u00e3o retornou a delegacia em virtude do mesmo ter viagem marcada para outra cidade.<\/p>\n\n\n\n<p>Cristiano relatou que a Delegacia Seccional est\u00e1 a inteira disposi\u00e7\u00e3o do cidad\u00e3o e que busca com sua equipe trabalhar para melhorar a seguran\u00e7a p\u00fablica da regi\u00e3o.<\/p>\n","protected":false},"excerpt":{"rendered":"<p>O delegado seccional, Cristiano Santana, em contato com a reportagem do Cariri em A\u00e7\u00e3o, esclareceu o caso do cidad\u00e3o Civaldo do Sacol\u00e3o que n\u00e3o conseguiu&hellip; <\/p>\n","protected":false},"author":2,"featured_media":101675,"comment_status":"closed","ping_status":"closed","sticky":false,"template":"","format":"standard","meta":{"sfsi_plus_gutenberg_text_before_share":"","sfsi_plus_gutenberg_show_text_before_share":"","sfsi_plus_gutenberg_icon_type":"","sfsi_plus_gutenberg_icon_alignemt":"","sfsi_plus_gutenburg_max_per_row":"","footnotes":""},"categories":[50,12],"tags":[],"class_list":["post-101661","post","type-post","status-publish","format-standard","has-post-thumbnail","hentry","category-destaque","category-policia"],"_links":{"self":[{"href":"https:\/\/www.caririemacao.com\/1\/wp-json\/wp\/v2\/posts\/101661","targetHints":{"allow":["GET"]}}],"collection":[{"href":"https:\/\/www.caririemacao.com\/1\/wp-json\/wp\/v2\/posts"}],"about":[{"href":"https:\/\/www.caririemacao.com\/1\/wp-json\/wp\/v2\/types\/post"}],"author":[{"embeddable":true,"href":"https:\/\/www.caririemacao.com\/1\/wp-json\/wp\/v2\/users\/2"}],"replies":[{"embeddable":true,"href":"https:\/\/www.caririemacao.com\/1\/wp-json\/wp\/v2\/comments?post=101661"}],"version-history":[{"count":2,"href":"https:\/\/www.caririemacao.com\/1\/wp-json\/wp\/v2\/posts\/101661\/revisions"}],"predecessor-version":[{"id":101676,"href":"https:\/\/www.caririemacao.com\/1\/wp-json\/wp\/v2\/posts\/101661\/revisions\/101676"}],"wp:featuredmedia":[{"embeddable":true,"href":"https:\/\/www.caririemacao.com\/1\/wp-json\/wp\/v2\/media\/101675"}],"wp:attachment":[{"href":"https:\/\/www.caririemacao.com\/1\/wp-json\/wp\/v2\/media?parent=101661"}],"wp:term":[{"taxonomy":"category","embeddable":true,"href":"https:\/\/www.caririemacao.com\/1\/wp-json\/wp\/v2\/categories?post=101661"},{"taxonomy":"post_tag","embeddable":true,"href":"https:\/\/www.caririemacao.com\/1\/wp-json\/wp\/v2\/tags?post=101661"}],"curies":[{"name":"wp","href":"https:\/\/api.w.org\/{rel}","templated":true}]}}