{"id":101665,"date":"2019-06-22T20:22:17","date_gmt":"2019-06-22T23:22:17","guid":{"rendered":"http:\/\/www.caririemacao.com\/1\/?p=101665"},"modified":"2019-06-22T20:22:17","modified_gmt":"2019-06-22T23:22:17","slug":"monteiro-abre-sao-joao-com-novo-cenario-monteirenses-e-turistas-aprovam-a-novidade","status":"publish","type":"post","link":"https:\/\/www.caririemacao.com\/1\/2019\/06\/22\/monteiro-abre-sao-joao-com-novo-cenario-monteirenses-e-turistas-aprovam-a-novidade\/","title":{"rendered":"Monteiro abre S\u00e3o Jo\u00e3o com novo cen\u00e1rio; monteirenses e turistas aprovam a novidade"},"content":{"rendered":"\n<figure class=\"wp-block-image\"><img decoding=\"async\" data-src=\"https:\/\/www.monteiro.pb.gov.br\/storage\/content\/noticias\/geral\/1655\/galeria\/palco-principal-dia-01-1.jpeg\" alt=\"\" src=\"data:image\/svg+xml;base64,PHN2ZyB3aWR0aD0iMSIgaGVpZ2h0PSIxIiB4bWxucz0iaHR0cDovL3d3dy53My5vcmcvMjAwMC9zdmciPjwvc3ZnPg==\" class=\"lazyload\" \/><\/figure>\n\n\n\n<p>Chegou o per\u00edodo mais esperado pelos nordestinos, o S\u00e3o Jo\u00e3o. Na cidade de Monteiro as novidades animaram o p\u00fablico que curtiu com muita comodidade os shows da abertura do S\u00e3o Jo\u00e3o de Monteiro \u2013 Uma Festa Cada Vez Melhor.<br>Abrindo os shows Davi Louren\u00e7o emprestou a sua voz e suas belas can\u00e7\u00f5es para aquecer os monteirenses e turistas. Em seguida foi a vez da dupla Marcelo Paiva e Santiago que com um estilo inconfund\u00edvel, m\u00fasicas marcantes, qualidade vocal e com um repert\u00f3rio universit\u00e1rio v\u00eam se destacando e conquistando p\u00fablico no cen\u00e1rio nacional.<br>J\u00e1 Solange Almeida, dispensa apresenta\u00e7\u00f5es. A cantora fez quest\u00e3o de frisar antes do show que \u00e9 uma grande felicidade retornar a Monteiro, uma cidade que est\u00e1 em seu cora\u00e7\u00e3o. Quem encerrou a noite foi a artista Samya Maia que subiu ao palco levando o p\u00fablico a loucura, com suas m\u00fasicas na voz do povo,&nbsp;este foi um dos shows mais esperados e que deixou uma multid\u00e3o no Parque de Evento Zab\u00e9 da Loca curtindo um bom forr\u00f3 at\u00e9 o amanhecer.<br>\u201cEssa abertura j\u00e1 mostrou que o S\u00e3o Jo\u00e3o de Monteiro \u00e9 mesmo uma festa que a cada ano fica melhor. Agora \u00e9 me preparar pra dan\u00e7ar muito e aproveitar cada segundo desses dias de festa\u201d, conta Marcela Ferreira,&nbsp;turista de Umbuzeiro de Natuba.<br>A prefeita Anna Lorena fez quest\u00e3o de destacar todo o empenho da Secretaria de Cultura e Turismo que junto com sua equipe trabalharam de sol a sol para que o momento acontecesse e completou: \u201cAgradecemos a todos que vieram fazer do nosso S\u00e3o Jo\u00e3o uma festa maior e melhor. \u00c9 uma felicidade enorme ver os resultados deste trabalho\u201d.<br>Estiveram presentes prestigiando o evento a equipe de governo da prefeita Anna Lorena, o vice-prefeito Celecileno Alves, vereadores e o presidente da Assembleia Legislativa da Para\u00edba, Adriano Galdino, que falando aos monteirenses destacou a grandiosidade, beleza e organiza\u00e7\u00e3o do evento.<\/p>\n","protected":false},"excerpt":{"rendered":"<p>Chegou o per\u00edodo mais esperado pelos nordestinos, o S\u00e3o Jo\u00e3o. Na cidade de Monteiro as novidades animaram o p\u00fablico que curtiu com muita comodidade os&hellip; <\/p>\n","protected":false},"author":1,"featured_media":101666,"comment_status":"closed","ping_status":"closed","sticky":false,"template":"","format":"standard","meta":{"sfsi_plus_gutenberg_text_before_share":"","sfsi_plus_gutenberg_show_text_before_share":"","sfsi_plus_gutenberg_icon_type":"","sfsi_plus_gutenberg_icon_alignemt":"","sfsi_plus_gutenburg_max_per_row":"","footnotes":""},"categories":[2],"tags":[],"class_list":["post-101665","post","type-post","status-publish","format-standard","has-post-thumbnail","hentry","category-geral"],"_links":{"self":[{"href":"https:\/\/www.caririemacao.com\/1\/wp-json\/wp\/v2\/posts\/101665","targetHints":{"allow":["GET"]}}],"collection":[{"href":"https:\/\/www.caririemacao.com\/1\/wp-json\/wp\/v2\/posts"}],"about":[{"href":"https:\/\/www.caririemacao.com\/1\/wp-json\/wp\/v2\/types\/post"}],"author":[{"embeddable":true,"href":"https:\/\/www.caririemacao.com\/1\/wp-json\/wp\/v2\/users\/1"}],"replies":[{"embeddable":true,"href":"https:\/\/www.caririemacao.com\/1\/wp-json\/wp\/v2\/comments?post=101665"}],"version-history":[{"count":1,"href":"https:\/\/www.caririemacao.com\/1\/wp-json\/wp\/v2\/posts\/101665\/revisions"}],"predecessor-version":[{"id":101667,"href":"https:\/\/www.caririemacao.com\/1\/wp-json\/wp\/v2\/posts\/101665\/revisions\/101667"}],"wp:featuredmedia":[{"embeddable":true,"href":"https:\/\/www.caririemacao.com\/1\/wp-json\/wp\/v2\/media\/101666"}],"wp:attachment":[{"href":"https:\/\/www.caririemacao.com\/1\/wp-json\/wp\/v2\/media?parent=101665"}],"wp:term":[{"taxonomy":"category","embeddable":true,"href":"https:\/\/www.caririemacao.com\/1\/wp-json\/wp\/v2\/categories?post=101665"},{"taxonomy":"post_tag","embeddable":true,"href":"https:\/\/www.caririemacao.com\/1\/wp-json\/wp\/v2\/tags?post=101665"}],"curies":[{"name":"wp","href":"https:\/\/api.w.org\/{rel}","templated":true}]}}