{"id":101677,"date":"2019-06-23T11:19:15","date_gmt":"2019-06-23T14:19:15","guid":{"rendered":"http:\/\/www.caririemacao.com\/1\/?p=101677"},"modified":"2019-06-23T11:19:15","modified_gmt":"2019-06-23T14:19:15","slug":"camalau-vive-festas-juninas-mais-animadas-de-sua-historia","status":"publish","type":"post","link":"https:\/\/www.caririemacao.com\/1\/2019\/06\/23\/camalau-vive-festas-juninas-mais-animadas-de-sua-historia\/","title":{"rendered":"Camala\u00fa vive festas juninas mais animadas de sua hist\u00f3ria"},"content":{"rendered":"\n<p>O m\u00eas junino continua extremamente movimentado na cidade de Camala\u00fa.J\u00e1 foram realizadas v\u00e1rias festividades, \u00e0 exemplo da tradicional Cavalgada junina, e toda a sequencia da tradicional Festa de Santo Ant\u00f4nio, que culminou com a tamb\u00e9m tradicional Maratona do Forr\u00f3.<br>O governo municipal criou o \u201cFestival de quadrilhas do novo tempo\u201d, levando o \u201cArrai\u00e1 do Povo\u201d para diversas comunidades, com energia, irrever\u00eancia e muito forr\u00f3.<br><\/p>\n\n\n\n<figure class=\"wp-block-image\"><a href=\"https:\/\/scontent.fcpv1-1.fna.fbcdn.net\/v\/t1.0-9\/65095992_1655295827934114_6581406643697745920_n.jpg?_nc_cat=110&amp;_nc_eui2=AeGm2x05jsFCUkj5kau1_nQc4_fV_QMs7_APwUiKkH15eOdJ0MiD9XZAnxdTxvtgYhTIBzYmjF2lnhM_sILijH-iggEbr3NXbCgeUr_GxaLfNQ&amp;_nc_oc=AQm-M9xNs-3chJg3PAqr9pgEJQ1D6jjm_zFjsuq0uwexFeGA7j8uqZm_MEJgwKI774o&amp;_nc_ht=scontent.fcpv1-1.fna&amp;oh=a538e2a37e2659e1269db12ce90ade2e&amp;oe=5D7C9B01\"><img decoding=\"async\" data-src=\"https:\/\/scontent.fcpv1-1.fna.fbcdn.net\/v\/t1.0-9\/65095992_1655295827934114_6581406643697745920_n.jpg?_nc_cat=110&amp;_nc_eui2=AeGm2x05jsFCUkj5kau1_nQc4_fV_QMs7_APwUiKkH15eOdJ0MiD9XZAnxdTxvtgYhTIBzYmjF2lnhM_sILijH-iggEbr3NXbCgeUr_GxaLfNQ&amp;_nc_oc=AQm-M9xNs-3chJg3PAqr9pgEJQ1D6jjm_zFjsuq0uwexFeGA7j8uqZm_MEJgwKI774o&amp;_nc_ht=scontent.fcpv1-1.fna&amp;oh=a538e2a37e2659e1269db12ce90ade2e&amp;oe=5D7C9B01\" alt=\"A imagem pode conter: c\u00c3\u00a9u, atividades ao ar livre e natureza\" src=\"data:image\/svg+xml;base64,PHN2ZyB3aWR0aD0iMSIgaGVpZ2h0PSIxIiB4bWxucz0iaHR0cDovL3d3dy53My5vcmcvMjAwMC9zdmciPjwvc3ZnPg==\" class=\"lazyload\" \/><\/a><\/figure>\n\n\n\n<p>E as festividades continuam. Est\u00e1 chegando a hora de outro evento bastante tradicional, e que tamb\u00e9m contar\u00e1 com o apoio total da prefeitura municipal gra\u00e7as a determina\u00e7\u00e3o do prefeito Sandro M\u00f4co.<br>No dia 29, ser\u00e1 realizado o tradicional S\u00e3o Pedro da Duque de Caxias com&nbsp;quadrilha junina e muito forr\u00f3 depois.<br><strong>F\u00c1BIO BRITO<\/strong><\/p>\n","protected":false},"excerpt":{"rendered":"<p>O m\u00eas junino continua extremamente movimentado na cidade de Camala\u00fa.J\u00e1 foram realizadas v\u00e1rias festividades, \u00e0 exemplo da tradicional Cavalgada junina, e toda a sequencia da&hellip; <\/p>\n","protected":false},"author":1,"featured_media":101678,"comment_status":"closed","ping_status":"closed","sticky":false,"template":"","format":"standard","meta":{"sfsi_plus_gutenberg_text_before_share":"","sfsi_plus_gutenberg_show_text_before_share":"","sfsi_plus_gutenberg_icon_type":"","sfsi_plus_gutenberg_icon_alignemt":"","sfsi_plus_gutenburg_max_per_row":"","footnotes":""},"categories":[6,50],"tags":[],"class_list":["post-101677","post","type-post","status-publish","format-standard","has-post-thumbnail","hentry","category-cidades","category-destaque"],"_links":{"self":[{"href":"https:\/\/www.caririemacao.com\/1\/wp-json\/wp\/v2\/posts\/101677","targetHints":{"allow":["GET"]}}],"collection":[{"href":"https:\/\/www.caririemacao.com\/1\/wp-json\/wp\/v2\/posts"}],"about":[{"href":"https:\/\/www.caririemacao.com\/1\/wp-json\/wp\/v2\/types\/post"}],"author":[{"embeddable":true,"href":"https:\/\/www.caririemacao.com\/1\/wp-json\/wp\/v2\/users\/1"}],"replies":[{"embeddable":true,"href":"https:\/\/www.caririemacao.com\/1\/wp-json\/wp\/v2\/comments?post=101677"}],"version-history":[{"count":1,"href":"https:\/\/www.caririemacao.com\/1\/wp-json\/wp\/v2\/posts\/101677\/revisions"}],"predecessor-version":[{"id":101679,"href":"https:\/\/www.caririemacao.com\/1\/wp-json\/wp\/v2\/posts\/101677\/revisions\/101679"}],"wp:featuredmedia":[{"embeddable":true,"href":"https:\/\/www.caririemacao.com\/1\/wp-json\/wp\/v2\/media\/101678"}],"wp:attachment":[{"href":"https:\/\/www.caririemacao.com\/1\/wp-json\/wp\/v2\/media?parent=101677"}],"wp:term":[{"taxonomy":"category","embeddable":true,"href":"https:\/\/www.caririemacao.com\/1\/wp-json\/wp\/v2\/categories?post=101677"},{"taxonomy":"post_tag","embeddable":true,"href":"https:\/\/www.caririemacao.com\/1\/wp-json\/wp\/v2\/tags?post=101677"}],"curies":[{"name":"wp","href":"https:\/\/api.w.org\/{rel}","templated":true}]}}