{"id":101692,"date":"2019-06-23T11:26:49","date_gmt":"2019-06-23T14:26:49","guid":{"rendered":"http:\/\/www.caririemacao.com\/1\/?p=101692"},"modified":"2019-06-23T11:26:49","modified_gmt":"2019-06-23T14:26:49","slug":"homem-na-pista-e-atropelado-por-motoqueiro-em-monteiro","status":"publish","type":"post","link":"https:\/\/www.caririemacao.com\/1\/2019\/06\/23\/homem-na-pista-e-atropelado-por-motoqueiro-em-monteiro\/","title":{"rendered":"Homem na pista \u00e9 atropelado por motoqueiro em Monteiro"},"content":{"rendered":"\n<p>Um acidente envolvendo um pedestre e um motoqueiro foi registrado na noite deste s\u00e1bado (22), na BR-412 em Monteiro, no cariri Paraibano.<br>Segundo informa\u00e7\u00f5es, um ve\u00edculo com defeito mec\u00e2nico estava parado na pista, um dos ocupantes do ve\u00edculo estava na pista quando o motoqueiro trafegava e colidiu no senhor, ambos as partes ficaram feridos. <\/p>\n\n\n\n<p>As equipes da pol\u00edcia militar e o Samu foram acionados e est\u00e3o no local.<\/p>\n\n\n\n<p><strong>HORA1PB<\/strong><\/p>\n","protected":false},"excerpt":{"rendered":"<p>Um acidente envolvendo um pedestre e um motoqueiro foi registrado na noite deste s\u00e1bado (22), na BR-412 em Monteiro, no cariri Paraibano.Segundo informa\u00e7\u00f5es, um ve\u00edculo&hellip; <\/p>\n","protected":false},"author":1,"featured_media":101694,"comment_status":"closed","ping_status":"closed","sticky":false,"template":"","format":"standard","meta":{"sfsi_plus_gutenberg_text_before_share":"","sfsi_plus_gutenberg_show_text_before_share":"","sfsi_plus_gutenberg_icon_type":"","sfsi_plus_gutenberg_icon_alignemt":"","sfsi_plus_gutenburg_max_per_row":"","footnotes":""},"categories":[50,12],"tags":[],"class_list":["post-101692","post","type-post","status-publish","format-standard","has-post-thumbnail","hentry","category-destaque","category-policia"],"_links":{"self":[{"href":"https:\/\/www.caririemacao.com\/1\/wp-json\/wp\/v2\/posts\/101692","targetHints":{"allow":["GET"]}}],"collection":[{"href":"https:\/\/www.caririemacao.com\/1\/wp-json\/wp\/v2\/posts"}],"about":[{"href":"https:\/\/www.caririemacao.com\/1\/wp-json\/wp\/v2\/types\/post"}],"author":[{"embeddable":true,"href":"https:\/\/www.caririemacao.com\/1\/wp-json\/wp\/v2\/users\/1"}],"replies":[{"embeddable":true,"href":"https:\/\/www.caririemacao.com\/1\/wp-json\/wp\/v2\/comments?post=101692"}],"version-history":[{"count":1,"href":"https:\/\/www.caririemacao.com\/1\/wp-json\/wp\/v2\/posts\/101692\/revisions"}],"predecessor-version":[{"id":101695,"href":"https:\/\/www.caririemacao.com\/1\/wp-json\/wp\/v2\/posts\/101692\/revisions\/101695"}],"wp:featuredmedia":[{"embeddable":true,"href":"https:\/\/www.caririemacao.com\/1\/wp-json\/wp\/v2\/media\/101694"}],"wp:attachment":[{"href":"https:\/\/www.caririemacao.com\/1\/wp-json\/wp\/v2\/media?parent=101692"}],"wp:term":[{"taxonomy":"category","embeddable":true,"href":"https:\/\/www.caririemacao.com\/1\/wp-json\/wp\/v2\/categories?post=101692"},{"taxonomy":"post_tag","embeddable":true,"href":"https:\/\/www.caririemacao.com\/1\/wp-json\/wp\/v2\/tags?post=101692"}],"curies":[{"name":"wp","href":"https:\/\/api.w.org\/{rel}","templated":true}]}}