{"id":101698,"date":"2019-06-23T11:30:29","date_gmt":"2019-06-23T14:30:29","guid":{"rendered":"http:\/\/www.caririemacao.com\/1\/?p=101698"},"modified":"2019-06-23T11:30:29","modified_gmt":"2019-06-23T14:30:29","slug":"bolsa-familia-frequencia-escolar-deve-ser-enviada-ate-quinta-feira","status":"publish","type":"post","link":"https:\/\/www.caririemacao.com\/1\/2019\/06\/23\/bolsa-familia-frequencia-escolar-deve-ser-enviada-ate-quinta-feira\/","title":{"rendered":"Bolsa Fam\u00edlia: frequ\u00eancia escolar deve ser enviada at\u00e9 quinta-feira"},"content":{"rendered":"\n<p>Secretarias municipais de educa\u00e7\u00e3o de todo o pa\u00eds devem enviar o registro de frequ\u00eancia escolar de benefici\u00e1rios do Programa Bolsa Fam\u00edlia ao Minist\u00e9rio da Educa\u00e7\u00e3o at\u00e9 a pr\u00f3xima quinta-feira (27). As informa\u00e7\u00f5es s\u00e3o referentes aos meses de abril e maio deste ano.<\/p>\n\n\n\n<p>O benef\u00edcio do programa est\u00e1 condicionado \u00e0 presen\u00e7a m\u00ednima mensal de 85% nas aulas para alunos de 6 a 15 anos e de 75% para jovens entre 16 e 17 anos.<\/p>\n\n\n\n<p>\u201cPedimos que os registros sejam feitos ao longo do per\u00edodo para que o sistema n\u00e3o fique sobrecarregado na \u00faltima hora e gere dificuldades\u201d, alerta a coordenadora geral de Acompanhamento da Inclus\u00e3o Social da Secretaria de Modalidades Especializadas de Educa\u00e7\u00e3o, Simone Medeiros.<\/p>\n\n\n\n<p>Segundo ela, o acompanhamento \u00e9 feito cinco vezes ao ano. No primeiro per\u00edodo de 2019, de fevereiro a mar\u00e7o, o percentual de cumprimento de frequ\u00eancia do p\u00fablico acompanhado foi de 95,16%. \u201cEsse levantamento \u00e9 uma importante refer\u00eancia para a formula\u00e7\u00e3o de pol\u00edticas p\u00fablicas de fomento \u00e0 perman\u00eancia e \u00e0 progress\u00e3o escolar\u201d.<\/p>\n\n\n\n<p>O esfor\u00e7o conjunto do governo federal, das administra\u00e7\u00f5es estaduais e das prefeituras envolve uma rede de aproximadamente 56 mil profissionais de educa\u00e7\u00e3o, mobilizados ao longo de cinco per\u00edodos bimestrais em mais de 140 mil escolas.<\/p>\n\n\n\n<p>A partir do levantamento, tamb\u00e9m s\u00e3o identificados os motivos que levaram \u00e0 baixa frequ\u00eancia escolar dos alunos. As informa\u00e7\u00f5es s\u00e3o consideradas ferramenta fundamental para o desenvolvimento de a\u00e7\u00f5es de combate ao abandono e \u00e0 evas\u00e3o escolar. Os dados s\u00e3o mantidos no Cadastro \u00danico, que permite a identifica\u00e7\u00e3o dos estudantes, o monitoramento de sua frequ\u00eancia e o recebimento do benef\u00edcio do Programa Bolsa Fam\u00edlia.<\/p>\n","protected":false},"excerpt":{"rendered":"<p>Secretarias municipais de educa\u00e7\u00e3o de todo o pa\u00eds devem enviar o registro de frequ\u00eancia escolar de benefici\u00e1rios do Programa Bolsa Fam\u00edlia ao Minist\u00e9rio da Educa\u00e7\u00e3o&hellip; <\/p>\n","protected":false},"author":1,"featured_media":43180,"comment_status":"closed","ping_status":"closed","sticky":false,"template":"","format":"standard","meta":{"sfsi_plus_gutenberg_text_before_share":"","sfsi_plus_gutenberg_show_text_before_share":"","sfsi_plus_gutenberg_icon_type":"","sfsi_plus_gutenberg_icon_alignemt":"","sfsi_plus_gutenburg_max_per_row":"","footnotes":""},"categories":[50,2],"tags":[],"class_list":["post-101698","post","type-post","status-publish","format-standard","has-post-thumbnail","hentry","category-destaque","category-geral"],"_links":{"self":[{"href":"https:\/\/www.caririemacao.com\/1\/wp-json\/wp\/v2\/posts\/101698","targetHints":{"allow":["GET"]}}],"collection":[{"href":"https:\/\/www.caririemacao.com\/1\/wp-json\/wp\/v2\/posts"}],"about":[{"href":"https:\/\/www.caririemacao.com\/1\/wp-json\/wp\/v2\/types\/post"}],"author":[{"embeddable":true,"href":"https:\/\/www.caririemacao.com\/1\/wp-json\/wp\/v2\/users\/1"}],"replies":[{"embeddable":true,"href":"https:\/\/www.caririemacao.com\/1\/wp-json\/wp\/v2\/comments?post=101698"}],"version-history":[{"count":1,"href":"https:\/\/www.caririemacao.com\/1\/wp-json\/wp\/v2\/posts\/101698\/revisions"}],"predecessor-version":[{"id":101699,"href":"https:\/\/www.caririemacao.com\/1\/wp-json\/wp\/v2\/posts\/101698\/revisions\/101699"}],"wp:featuredmedia":[{"embeddable":true,"href":"https:\/\/www.caririemacao.com\/1\/wp-json\/wp\/v2\/media\/43180"}],"wp:attachment":[{"href":"https:\/\/www.caririemacao.com\/1\/wp-json\/wp\/v2\/media?parent=101698"}],"wp:term":[{"taxonomy":"category","embeddable":true,"href":"https:\/\/www.caririemacao.com\/1\/wp-json\/wp\/v2\/categories?post=101698"},{"taxonomy":"post_tag","embeddable":true,"href":"https:\/\/www.caririemacao.com\/1\/wp-json\/wp\/v2\/tags?post=101698"}],"curies":[{"name":"wp","href":"https:\/\/api.w.org\/{rel}","templated":true}]}}