{"id":101701,"date":"2019-06-23T11:40:31","date_gmt":"2019-06-23T14:40:31","guid":{"rendered":"http:\/\/www.caririemacao.com\/1\/?p=101701"},"modified":"2019-06-23T11:40:31","modified_gmt":"2019-06-23T14:40:31","slug":"bolsonaro-vira-meme-apos-se-comparar-a-rainha-da-inglaterra-veja-os-melhores","status":"publish","type":"post","link":"https:\/\/www.caririemacao.com\/1\/2019\/06\/23\/bolsonaro-vira-meme-apos-se-comparar-a-rainha-da-inglaterra-veja-os-melhores\/","title":{"rendered":"Bolsonaro vira meme ap\u00f3s &#8216;se comparar&#8217; \u00e0 rainha da Inglaterra; veja os melhores"},"content":{"rendered":"\n<p>O presidente Jair Bolsonaro (PSL) fez, neste s\u00e1bado (22), uma cr\u00edtica ao Congresso que intrigou internautas. Ao comentar o projeto da C\u00e2mara que transfere o poder de fazer indica\u00e7\u00f5es a ag\u00eancias reguladoras aos deputados, o presidente disse que os parlamentares querem deix\u00e1-lo como a &#8220;rainha da Inglaterra&#8221; , que reina, mas n\u00e3o governa.&nbsp;<\/p>\n\n\n\n<p>&#8220;P\u00f4, querem me deixar como rainha da Inglaterra? Este \u00e9 o caminho certo?&#8221;, reclamou Bolsonaro . &#8220;Se isso a\u00ed se transformar em lei, todas as ag\u00eancias ser\u00e3o indicadas por parlamentares. Imagina qual o crit\u00e9rio que v\u00e3o adotar. Acho que eu n\u00e3o preciso complementar&#8221;, completou.&nbsp;<\/p>\n\n\n\n<p>Nas redes sociais, a bronca do presidente com os congressistas foi levada ao p\u00e9 da letra e muitos internautas fizeram memes e montagens no Photoshop para transformar Bolsonaro na Rainha Elizabeth II.&nbsp;<\/p>\n\n\n\n<p>O deputado federal Ivan Valente (PSOL-SP) foi um dos que n\u00e3o deixaram a declara\u00e7\u00e3o do presidente passar em branco. Ao publicar em sua conta pessoal no Twitter uma foto do capit\u00e3o da reserva do Ex\u00e9rcito equilibrando uma garrafa, o parlamentar do PSOL escreveu: &#8220;Bolsonaro diz que o Congresso quer transform\u00e1-lo em uma rainha da Inglaterra . N\u00e3o estaria mais para bobo da corte?&#8221;<\/p>\n\n\n\n<p>O projeto que levou o presidente a reclamar do Congresso institui o novo marco das ag\u00eancias reguladoras. Apesar das cr\u00edticas de Bolsonaro , o texto foi defendido, no ano passado , pelo atual secret\u00e1rio executivo do Minist\u00e9rio da Economia, Marcelo Guaranys \u2014 o n\u00famero 2 da pasta comandada pelo ministro Paulo Guedes. Ex-presidente da Ag\u00eancia Nacional de Avia\u00e7\u00e3o Civil (Anac), ele defendeu que a proposta efetiva a autonomia das institui\u00e7\u00f5es ao mesmo tempo em que fortalece a governan\u00e7a e o controle social, estabelecendo ainda &#8220;padr\u00f5es elevados de transpar\u00eancia&#8221;.&nbsp;<\/p>\n\n\n\n<figure class=\"wp-block-image\"><img decoding=\"async\" data-src=\"https:\/\/www.clickpb.com.br\/media\/filer_public\/db\/14\/db14af02-cc71-4c2a-9694-31967c215a54\/bolsonaro_rainha_2.jpg\" alt=\"\" src=\"data:image\/svg+xml;base64,PHN2ZyB3aWR0aD0iMSIgaGVpZ2h0PSIxIiB4bWxucz0iaHR0cDovL3d3dy53My5vcmcvMjAwMC9zdmciPjwvc3ZnPg==\" class=\"lazyload\" \/><\/figure>\n","protected":false},"excerpt":{"rendered":"<p>O presidente Jair Bolsonaro (PSL) fez, neste s\u00e1bado (22), uma cr\u00edtica ao Congresso que intrigou internautas. Ao comentar o projeto da C\u00e2mara que transfere o&hellip; <\/p>\n","protected":false},"author":1,"featured_media":101703,"comment_status":"closed","ping_status":"closed","sticky":false,"template":"","format":"standard","meta":{"sfsi_plus_gutenberg_text_before_share":"","sfsi_plus_gutenberg_show_text_before_share":"","sfsi_plus_gutenberg_icon_type":"","sfsi_plus_gutenberg_icon_alignemt":"","sfsi_plus_gutenburg_max_per_row":"","footnotes":""},"categories":[11],"tags":[],"class_list":["post-101701","post","type-post","status-publish","format-standard","has-post-thumbnail","hentry","category-politica"],"_links":{"self":[{"href":"https:\/\/www.caririemacao.com\/1\/wp-json\/wp\/v2\/posts\/101701","targetHints":{"allow":["GET"]}}],"collection":[{"href":"https:\/\/www.caririemacao.com\/1\/wp-json\/wp\/v2\/posts"}],"about":[{"href":"https:\/\/www.caririemacao.com\/1\/wp-json\/wp\/v2\/types\/post"}],"author":[{"embeddable":true,"href":"https:\/\/www.caririemacao.com\/1\/wp-json\/wp\/v2\/users\/1"}],"replies":[{"embeddable":true,"href":"https:\/\/www.caririemacao.com\/1\/wp-json\/wp\/v2\/comments?post=101701"}],"version-history":[{"count":1,"href":"https:\/\/www.caririemacao.com\/1\/wp-json\/wp\/v2\/posts\/101701\/revisions"}],"predecessor-version":[{"id":101704,"href":"https:\/\/www.caririemacao.com\/1\/wp-json\/wp\/v2\/posts\/101701\/revisions\/101704"}],"wp:featuredmedia":[{"embeddable":true,"href":"https:\/\/www.caririemacao.com\/1\/wp-json\/wp\/v2\/media\/101703"}],"wp:attachment":[{"href":"https:\/\/www.caririemacao.com\/1\/wp-json\/wp\/v2\/media?parent=101701"}],"wp:term":[{"taxonomy":"category","embeddable":true,"href":"https:\/\/www.caririemacao.com\/1\/wp-json\/wp\/v2\/categories?post=101701"},{"taxonomy":"post_tag","embeddable":true,"href":"https:\/\/www.caririemacao.com\/1\/wp-json\/wp\/v2\/tags?post=101701"}],"curies":[{"name":"wp","href":"https:\/\/api.w.org\/{rel}","templated":true}]}}