{"id":101721,"date":"2019-06-23T11:57:36","date_gmt":"2019-06-23T14:57:36","guid":{"rendered":"http:\/\/www.caririemacao.com\/1\/?p=101721"},"modified":"2019-06-23T11:57:36","modified_gmt":"2019-06-23T14:57:36","slug":"jiu-jitsu-do-servico-de-convivencia-de-caraubas-promove-graduacao-e-festival","status":"publish","type":"post","link":"https:\/\/www.caririemacao.com\/1\/2019\/06\/23\/jiu-jitsu-do-servico-de-convivencia-de-caraubas-promove-graduacao-e-festival\/","title":{"rendered":"Jiu Jitsu do servi\u00e7o de conviv\u00eancia, de Cara\u00fabas, promove gradua\u00e7\u00e3o e festival"},"content":{"rendered":"\n<p>Foi realizado no \u00faltimo dia 16 de Junho, no Clube Recreativo 5 de Maio, na cidade de Cara\u00fabas, o Festival e Gradua\u00e7\u00e3o do Jiu-Jitsu do Servi\u00e7o de Conviv\u00eancia e Fortalecimento de V\u00ednculos \u2013 SCFV, da Secretaria da Assist\u00eancia Social do munic\u00edpio. O professor Diasleno Cordeiro informou que esse \u00e9 um momento \u00fanico para essas crian\u00e7as, jovens e adolescentes que atingem uma nova gradua\u00e7\u00e3o.<br> A secret\u00e1ria da Assist\u00eancia Social, Flavia Quirino, afirmou que a SEMAS n\u00e3o tem medido esfor\u00e7os para promover atividades que possam incluir esse p\u00fablico num processo de ressocializa\u00e7\u00e3o, ocupando um espa\u00e7o de destaque na sociedade local. Temos crian\u00e7as e jovens de v\u00e1rias faixas et\u00e1rias que mudaram de comportamento depois de iniciarem suas atividades nos servi\u00e7os de conviv\u00eancia do munic\u00edpio, principalmente, no Jiu-Jitsu, disse ela.<br> Participaram do festival mais de 70(setenta) participantes locais, al\u00e9m de v\u00e1rios outros participantes convidados de outros munic\u00edpios. O oficineiro e professor Diasleno Cordeiro, anunciou com alegria o aumento da \u00e1rea utilizada para a pratica desta atividade com a aquisi\u00e7\u00e3o de mais tapetes de EVA. Temos uma satisfa\u00e7\u00e3o grande em saber que a gest\u00e3o p\u00fablica municipal tem investido nos nossos talentos e vem a cada dia proporcionando infraestrutura para consolidar nossas atividades, disse ele.<br> O prefeito Silvano Dudu participou de festival quando anunciou a entrega dos tapetes e o est\u00edmulo da Prefeitura Municipal em incentivar os jovens e profissionais do Jiu-Jitsu a continuarem transformando a vida de dezenas de alunos que se dedicam a essa atividade. Quero parabenizar aos que fazem a Secretaria da Assist\u00eancia Social pela organiza\u00e7\u00e3o do evento e pela persist\u00eancia em manter funcionando n\u00e3o apenas o Jiu-Jitsu, mas toda a demanda do SCFV finalizou, ele.<\/p>\n\n\n\n<p>Fonte: SEPLACOM<br>\nFoto: JOS\u00c9 ROM\u00c1RIO<\/p>\n","protected":false},"excerpt":{"rendered":"<p>Foi realizado no \u00faltimo dia 16 de Junho, no Clube Recreativo 5 de Maio, na cidade de Cara\u00fabas, o Festival e Gradua\u00e7\u00e3o do Jiu-Jitsu do&hellip; <\/p>\n","protected":false},"author":1,"featured_media":101724,"comment_status":"closed","ping_status":"closed","sticky":false,"template":"","format":"standard","meta":{"sfsi_plus_gutenberg_text_before_share":"","sfsi_plus_gutenberg_show_text_before_share":"","sfsi_plus_gutenberg_icon_type":"","sfsi_plus_gutenberg_icon_alignemt":"","sfsi_plus_gutenburg_max_per_row":"","footnotes":""},"categories":[2],"tags":[],"class_list":["post-101721","post","type-post","status-publish","format-standard","has-post-thumbnail","hentry","category-geral"],"_links":{"self":[{"href":"https:\/\/www.caririemacao.com\/1\/wp-json\/wp\/v2\/posts\/101721","targetHints":{"allow":["GET"]}}],"collection":[{"href":"https:\/\/www.caririemacao.com\/1\/wp-json\/wp\/v2\/posts"}],"about":[{"href":"https:\/\/www.caririemacao.com\/1\/wp-json\/wp\/v2\/types\/post"}],"author":[{"embeddable":true,"href":"https:\/\/www.caririemacao.com\/1\/wp-json\/wp\/v2\/users\/1"}],"replies":[{"embeddable":true,"href":"https:\/\/www.caririemacao.com\/1\/wp-json\/wp\/v2\/comments?post=101721"}],"version-history":[{"count":1,"href":"https:\/\/www.caririemacao.com\/1\/wp-json\/wp\/v2\/posts\/101721\/revisions"}],"predecessor-version":[{"id":101725,"href":"https:\/\/www.caririemacao.com\/1\/wp-json\/wp\/v2\/posts\/101721\/revisions\/101725"}],"wp:featuredmedia":[{"embeddable":true,"href":"https:\/\/www.caririemacao.com\/1\/wp-json\/wp\/v2\/media\/101724"}],"wp:attachment":[{"href":"https:\/\/www.caririemacao.com\/1\/wp-json\/wp\/v2\/media?parent=101721"}],"wp:term":[{"taxonomy":"category","embeddable":true,"href":"https:\/\/www.caririemacao.com\/1\/wp-json\/wp\/v2\/categories?post=101721"},{"taxonomy":"post_tag","embeddable":true,"href":"https:\/\/www.caririemacao.com\/1\/wp-json\/wp\/v2\/tags?post=101721"}],"curies":[{"name":"wp","href":"https:\/\/api.w.org\/{rel}","templated":true}]}}