{"id":101744,"date":"2019-06-23T13:16:16","date_gmt":"2019-06-23T16:16:16","guid":{"rendered":"http:\/\/www.caririemacao.com\/1\/?p=101744"},"modified":"2019-06-23T13:16:16","modified_gmt":"2019-06-23T16:16:16","slug":"senador-se-solidariza-com-jornalista-paraibana-apos-pressao-por-sua-demissao","status":"publish","type":"post","link":"https:\/\/www.caririemacao.com\/1\/2019\/06\/23\/senador-se-solidariza-com-jornalista-paraibana-apos-pressao-por-sua-demissao\/","title":{"rendered":"Senador se solidariza com jornalista paraibana ap\u00f3s \u2018press\u00e3o\u2019 por sua demiss\u00e3o"},"content":{"rendered":"\n<p>O senador Veneziano Vital do R\u00eago (PSB-PB) publicou mensagem na noite deste s\u00e1bado (22) em solidariedade \u00e0 jornalista paraibana Rachel Sheherazade, ap\u00f3s o empres\u00e1rio Luciano Hang, dono da Havan, uma das maiores redes de lojas de departamentos do Brasil, eleito pela Forbes o 11\u00b0 homem mais rico do Brasil, anunciante de v\u00e1rios programas do SBT, ter pedido a demiss\u00e3o da profissional.<\/p>\n\n\n\n<p>Luciano Hang, que manifestou seu pedido abertamente, \u00e9 apoiador do presidente Jair Bolsoanro e a apresentadora tem publicado textos e v\u00eddeos com cr\u00edticas ao governo, em suas redes sociais. Ela foi classificada pelo empres\u00e1rio como \u201ccomunista\u201d, por suas posi\u00e7\u00f5es cr\u00edticas.<\/p>\n\n\n\n<p>\u201cMinha solidariedade \u00e0 conterr\u00e2nea Rachel Sheherazade. Atitudes como esta devem ser repudiadas por todos os brasileiros de bom senso, em nome da democracia e da liberdade que todos n\u00f3s devemos ter de manifestar nossas opini\u00f5es\u201d, publicou Veneziano. \u201cSua compet\u00eancia e capacidade profissional n\u00e3o merecem este tipo de postura antidemocr\u00e1tica e abusiva\u201d, complementou ele.<\/p>\n\n\n\n<p>Rachel Sheherazade disse, tamb\u00e9m por meio de suas redes sociais, que ir\u00e1 processar o empres\u00e1rio \u201cJ\u00e1 est\u00e1 registrado! Empres\u00e1rio chantageia a emissora onde trabalho e ainda vem \u00e0 p\u00fablico pedir cabe\u00e7a de jornalista. J\u00e1 vi esse filme antes. Mas, agora, vai ter processo\u201d.<\/p>\n","protected":false},"excerpt":{"rendered":"<p>O senador Veneziano Vital do R\u00eago (PSB-PB) publicou mensagem na noite deste s\u00e1bado (22) em solidariedade \u00e0 jornalista paraibana Rachel Sheherazade, ap\u00f3s o empres\u00e1rio Luciano&hellip; <\/p>\n","protected":false},"author":1,"featured_media":84151,"comment_status":"closed","ping_status":"closed","sticky":false,"template":"","format":"standard","meta":{"sfsi_plus_gutenberg_text_before_share":"","sfsi_plus_gutenberg_show_text_before_share":"","sfsi_plus_gutenberg_icon_type":"","sfsi_plus_gutenberg_icon_alignemt":"","sfsi_plus_gutenburg_max_per_row":"","footnotes":""},"categories":[11],"tags":[],"class_list":["post-101744","post","type-post","status-publish","format-standard","has-post-thumbnail","hentry","category-politica"],"_links":{"self":[{"href":"https:\/\/www.caririemacao.com\/1\/wp-json\/wp\/v2\/posts\/101744","targetHints":{"allow":["GET"]}}],"collection":[{"href":"https:\/\/www.caririemacao.com\/1\/wp-json\/wp\/v2\/posts"}],"about":[{"href":"https:\/\/www.caririemacao.com\/1\/wp-json\/wp\/v2\/types\/post"}],"author":[{"embeddable":true,"href":"https:\/\/www.caririemacao.com\/1\/wp-json\/wp\/v2\/users\/1"}],"replies":[{"embeddable":true,"href":"https:\/\/www.caririemacao.com\/1\/wp-json\/wp\/v2\/comments?post=101744"}],"version-history":[{"count":1,"href":"https:\/\/www.caririemacao.com\/1\/wp-json\/wp\/v2\/posts\/101744\/revisions"}],"predecessor-version":[{"id":101745,"href":"https:\/\/www.caririemacao.com\/1\/wp-json\/wp\/v2\/posts\/101744\/revisions\/101745"}],"wp:featuredmedia":[{"embeddable":true,"href":"https:\/\/www.caririemacao.com\/1\/wp-json\/wp\/v2\/media\/84151"}],"wp:attachment":[{"href":"https:\/\/www.caririemacao.com\/1\/wp-json\/wp\/v2\/media?parent=101744"}],"wp:term":[{"taxonomy":"category","embeddable":true,"href":"https:\/\/www.caririemacao.com\/1\/wp-json\/wp\/v2\/categories?post=101744"},{"taxonomy":"post_tag","embeddable":true,"href":"https:\/\/www.caririemacao.com\/1\/wp-json\/wp\/v2\/tags?post=101744"}],"curies":[{"name":"wp","href":"https:\/\/api.w.org\/{rel}","templated":true}]}}