{"id":101747,"date":"2019-06-23T13:17:58","date_gmt":"2019-06-23T16:17:58","guid":{"rendered":"http:\/\/www.caririemacao.com\/1\/?p=101747"},"modified":"2019-06-23T13:17:58","modified_gmt":"2019-06-23T16:17:58","slug":"dificilmente-teremos-concurso-no-brasil-nos-proximos-poucos-anos-diz-bolsonaro","status":"publish","type":"post","link":"https:\/\/www.caririemacao.com\/1\/2019\/06\/23\/dificilmente-teremos-concurso-no-brasil-nos-proximos-poucos-anos-diz-bolsonaro\/","title":{"rendered":"&#8216;Dificilmente teremos concurso no Brasil nos pr\u00f3ximos poucos anos&#8217;, diz Bolsonaro"},"content":{"rendered":"\n<p>O presidente Jair Bolsonaro disse neste s\u00e1bado que dificilmente haver\u00e1 concursos p\u00fablicos no Brasil nos &#8220;pr\u00f3ximos poucos anos&#8221;, tendo em vista as restri\u00e7\u00f5es do or\u00e7amento p\u00fablico. O presidente afirmou que o ministro da Economia, Paulo Guedes, j\u00e1 decidiu restringir a realiza\u00e7\u00e3o de novos concursos para conter os gastos com pessoal do governo federal.<\/p>\n\n\n\n<p>A declara\u00e7\u00e3o foi feita pelo presidente ao afirmar que n\u00e3o \u00e9 o governo quem cria empregos. Segundo ele, o presidente poderia fazer isso apenas com concursos ou abrindo cargos comissionados na m\u00e1quina p\u00fablica, mas o caminho para reduzir as taxas de desemprego, afirmou, \u00e9 estimulando o crescimento da economia brasileira por meio de investimentos privados. Ele citou como um fator em favor disso especialmente a aprova\u00e7\u00e3o da reforma da Previd\u00eancia , que tramita na C\u00e2mara dos Deputados. Ele tamb\u00e9m relacionou o aumento da viol\u00eancia ao desemprego.<\/p>\n\n\n\n<p>&#8220;Em todas as minhas andan\u00e7as pelo mundo, parece que a palavra m\u00e1gica passou a ser reforma da Previd\u00eancia. Muita gente quer investir aqui. E gente de dentro do Brasil. Est\u00e3o esperando isso que virou algo m\u00e1gico. Se a Previd\u00eancia sair, voltamos a ter confian\u00e7a e os investimentos vir\u00e3o. E atr\u00e1s disso vem emprego. Pessoal cobra de mim. Emprego n\u00e3o sou eu. Eu emprego quando crio cargo de comiss\u00e3o ou quando fa\u00e7o concurso&#8221;, afirmou o presidente, logo ap\u00f3s sair de uma revis\u00e3o m\u00e9dica de rotina em Bras\u00edlia.<\/p>\n\n\n\n<p>Bolsonaro acrescentou que poucas \u00e1reas do governo est\u00e3o autorizadas pelo Minist\u00e9rio da Economia a realizar concursos e citou as pol\u00edcias Federal e Rodovi\u00e1ria Federal. Em mar\u00e7o, o governo endureceu as regras para realiza\u00e7\u00e3o de concursos. Um decreto aumentou as exig\u00eancias para \u00f3rg\u00e3os do governo pedirem novas sele\u00e7\u00f5es de servidores estatut\u00e1rios. \u00c9 preciso apresentar ao Minist\u00e9rio da Economia ao menos 14 tipos de informa\u00e7\u00e3o para fundamentar o pedido, demonstrando por exemplo que as atividades n\u00e3o poderiam ser prestadas por equipes terceirizadas.<\/p>\n\n\n\n<p>&#8220;Paulo Guedes decidiu basicamente que poucas \u00e1reas ter\u00e3o concurso, porque n\u00e3o tem como pagar mais. O problema \u00e9 esse. A gente at\u00e9 gostaria em uma \u00e1rea ou outra. Abri uma exce\u00e7\u00e3o para a Pol\u00edcia Federal e a Pol\u00edcia Rodovi\u00e1ria Federal. Fora isso, dificilmente teremos concurso no Brasil nos pr\u00f3ximos poucos anos \u2014 disse Bolsonaro.&#8221;, A partir do momento em que ningu\u00e9m investe aqui, a taxa de desemprego aumenta e a\u00ed vem a viol\u00eancia. Tudo de ruim vem atr\u00e1s.<\/p>\n\n\n\n<p><strong>Cobran\u00e7a da bagagem<\/strong><br><\/p>\n\n\n\n<p>O presidente defendeu o veto \u00e0 franquia de bagagem , permitindo que as empresas a\u00e9reas cobrem pelo despacho de bagagem. A proibi\u00e7\u00e3o da cobran\u00e7a havia sido inserida por parlamentares na Medida Provis\u00f3ria 863, que derrubou a restri\u00e7\u00e3o de capital estrangeiro no setor a\u00e9reo, mas Bolsonaro vetou essa parte da nova legisla\u00e7\u00e3o seguindo recomenda\u00e7\u00f5es t\u00e9cnicas de \u00f3rg\u00e3os como a Ag\u00eancia Nacional de Avia\u00e7\u00e3o Civil (Anac) sob o argumento de que a medida atrapalharia o aumento da concorr\u00eancia no setor. Segundo assessores do Pal\u00e1cio do Planalto, o veto \u201cse deu por raz\u00f5es de interesse p\u00fablico e viola\u00e7\u00e3o ao devido processo legislativo\u201d.<\/p>\n","protected":false},"excerpt":{"rendered":"<p>O presidente Jair Bolsonaro disse neste s\u00e1bado que dificilmente haver\u00e1 concursos p\u00fablicos no Brasil nos &#8220;pr\u00f3ximos poucos anos&#8221;, tendo em vista as restri\u00e7\u00f5es do or\u00e7amento&hellip; <\/p>\n","protected":false},"author":1,"featured_media":101748,"comment_status":"closed","ping_status":"closed","sticky":false,"template":"","format":"standard","meta":{"sfsi_plus_gutenberg_text_before_share":"","sfsi_plus_gutenberg_show_text_before_share":"","sfsi_plus_gutenberg_icon_type":"","sfsi_plus_gutenberg_icon_alignemt":"","sfsi_plus_gutenburg_max_per_row":"","footnotes":""},"categories":[11],"tags":[],"class_list":["post-101747","post","type-post","status-publish","format-standard","has-post-thumbnail","hentry","category-politica"],"_links":{"self":[{"href":"https:\/\/www.caririemacao.com\/1\/wp-json\/wp\/v2\/posts\/101747","targetHints":{"allow":["GET"]}}],"collection":[{"href":"https:\/\/www.caririemacao.com\/1\/wp-json\/wp\/v2\/posts"}],"about":[{"href":"https:\/\/www.caririemacao.com\/1\/wp-json\/wp\/v2\/types\/post"}],"author":[{"embeddable":true,"href":"https:\/\/www.caririemacao.com\/1\/wp-json\/wp\/v2\/users\/1"}],"replies":[{"embeddable":true,"href":"https:\/\/www.caririemacao.com\/1\/wp-json\/wp\/v2\/comments?post=101747"}],"version-history":[{"count":1,"href":"https:\/\/www.caririemacao.com\/1\/wp-json\/wp\/v2\/posts\/101747\/revisions"}],"predecessor-version":[{"id":101749,"href":"https:\/\/www.caririemacao.com\/1\/wp-json\/wp\/v2\/posts\/101747\/revisions\/101749"}],"wp:featuredmedia":[{"embeddable":true,"href":"https:\/\/www.caririemacao.com\/1\/wp-json\/wp\/v2\/media\/101748"}],"wp:attachment":[{"href":"https:\/\/www.caririemacao.com\/1\/wp-json\/wp\/v2\/media?parent=101747"}],"wp:term":[{"taxonomy":"category","embeddable":true,"href":"https:\/\/www.caririemacao.com\/1\/wp-json\/wp\/v2\/categories?post=101747"},{"taxonomy":"post_tag","embeddable":true,"href":"https:\/\/www.caririemacao.com\/1\/wp-json\/wp\/v2\/tags?post=101747"}],"curies":[{"name":"wp","href":"https:\/\/api.w.org\/{rel}","templated":true}]}}