{"id":101751,"date":"2019-06-23T13:19:36","date_gmt":"2019-06-23T16:19:36","guid":{"rendered":"http:\/\/www.caririemacao.com\/1\/?p=101751"},"modified":"2019-06-23T13:19:36","modified_gmt":"2019-06-23T16:19:36","slug":"pb-recebe-59-profissionais-do-mais-medicos-a-partir-desta-segunda","status":"publish","type":"post","link":"https:\/\/www.caririemacao.com\/1\/2019\/06\/23\/pb-recebe-59-profissionais-do-mais-medicos-a-partir-desta-segunda\/","title":{"rendered":"PB recebe 59 profissionais do Mais M\u00e9dicos a partir desta segunda"},"content":{"rendered":"\n<p>A Para\u00edba receber\u00e1 59 profissionais de sa\u00fade do programa Mais M\u00e9dicos a partir desta segunda-feira (24). Os profissionais foram selecionados na primeira fase do programa, cujo resultado foi divulgado no \u00faltimo dia 19, e devem atuar em 40 cidades do estado.<\/p>\n\n\n\n<p>No total, 1.975 profissionais foram selecionados para atuar na Aten\u00e7\u00e3o Prim\u00e1ria das Unidades de Sa\u00fade Familiar (USF) em todo o pa\u00eds. Os m\u00e9dicos devem se apresentar nos munic\u00edpios entre os dias 24 e 28 de junho para iniciar as atividades de atendimento \u00e0 popula\u00e7\u00e3o.<\/p>\n\n\n\n<p>Entre os munic\u00edpios selecionados, 14 est\u00e3o localizados no Sert\u00e3o Paraibano. Bonito de Santa F\u00e9, Brejo do Cruz, Cachoeira dos \u00cdndios, Cajazeiras, Cajazeirinhas, Itaporanga, Jeric\u00f3, Marizopolis, Triunfo, S\u00e3o Bento e Santana dos Garrot\u00f5es recebem um m\u00e9dico cada munic\u00edpio. J\u00e1 Cacimba de Dentro recebe dois, enquanto Pombal obt\u00e9m tr\u00eas profissionais. O maior n\u00famero de m\u00e9dicos vai para o munic\u00edpio de Sousa, totalizando quatro profissionais.<\/p>\n\n\n\n<p>Al\u00e9m dessas cidades, Alagoa Nova, Alagoinha, Amparo, Bara\u00fana, Barra de S\u00e3o Miguel, Aroeiras, Alagoa Grande, Bel\u00e9m, Cai\u00e7ara, Pilar, Nova Floresta, Lucena, Livramento, Pil\u00f5es, Pitimbu, Pocinhos, Remigio, Santa Rita, Campina Grande, Cruz do Espirito santo, Cuit\u00e9, Fagundes, Frei Martinho, Gurinh\u00e9m, Ing\u00e1, Sol\u00e2nea.<\/p>\n\n\n\n<p><strong>MaisPB<\/strong><\/p>\n","protected":false},"excerpt":{"rendered":"<p>A Para\u00edba receber\u00e1 59 profissionais de sa\u00fade do programa Mais M\u00e9dicos a partir desta segunda-feira (24). Os profissionais foram selecionados na primeira fase do programa,&hellip; <\/p>\n","protected":false},"author":1,"featured_media":83579,"comment_status":"closed","ping_status":"closed","sticky":false,"template":"","format":"standard","meta":{"sfsi_plus_gutenberg_text_before_share":"","sfsi_plus_gutenberg_show_text_before_share":"","sfsi_plus_gutenberg_icon_type":"","sfsi_plus_gutenberg_icon_alignemt":"","sfsi_plus_gutenburg_max_per_row":"","footnotes":""},"categories":[50,16],"tags":[],"class_list":["post-101751","post","type-post","status-publish","format-standard","has-post-thumbnail","hentry","category-destaque","category-saude"],"_links":{"self":[{"href":"https:\/\/www.caririemacao.com\/1\/wp-json\/wp\/v2\/posts\/101751","targetHints":{"allow":["GET"]}}],"collection":[{"href":"https:\/\/www.caririemacao.com\/1\/wp-json\/wp\/v2\/posts"}],"about":[{"href":"https:\/\/www.caririemacao.com\/1\/wp-json\/wp\/v2\/types\/post"}],"author":[{"embeddable":true,"href":"https:\/\/www.caririemacao.com\/1\/wp-json\/wp\/v2\/users\/1"}],"replies":[{"embeddable":true,"href":"https:\/\/www.caririemacao.com\/1\/wp-json\/wp\/v2\/comments?post=101751"}],"version-history":[{"count":1,"href":"https:\/\/www.caririemacao.com\/1\/wp-json\/wp\/v2\/posts\/101751\/revisions"}],"predecessor-version":[{"id":101752,"href":"https:\/\/www.caririemacao.com\/1\/wp-json\/wp\/v2\/posts\/101751\/revisions\/101752"}],"wp:featuredmedia":[{"embeddable":true,"href":"https:\/\/www.caririemacao.com\/1\/wp-json\/wp\/v2\/media\/83579"}],"wp:attachment":[{"href":"https:\/\/www.caririemacao.com\/1\/wp-json\/wp\/v2\/media?parent=101751"}],"wp:term":[{"taxonomy":"category","embeddable":true,"href":"https:\/\/www.caririemacao.com\/1\/wp-json\/wp\/v2\/categories?post=101751"},{"taxonomy":"post_tag","embeddable":true,"href":"https:\/\/www.caririemacao.com\/1\/wp-json\/wp\/v2\/tags?post=101751"}],"curies":[{"name":"wp","href":"https:\/\/api.w.org\/{rel}","templated":true}]}}