{"id":101755,"date":"2019-06-23T13:21:49","date_gmt":"2019-06-23T16:21:49","guid":{"rendered":"http:\/\/www.caririemacao.com\/1\/?p=101755"},"modified":"2019-06-23T13:21:49","modified_gmt":"2019-06-23T16:21:49","slug":"mais-vazamentos-contra-moro-envolvem-o-supremo-tribunal-federal","status":"publish","type":"post","link":"https:\/\/www.caririemacao.com\/1\/2019\/06\/23\/mais-vazamentos-contra-moro-envolvem-o-supremo-tribunal-federal\/","title":{"rendered":"Mais vazamentos contra Moro envolvem o Supremo Tribunal Federal"},"content":{"rendered":"\n<p>Procuradores na linha de frente da Opera\u00e7\u00e3o Lava Jato se articularam para proteger Sergio Moro e evitar que tens\u00f5es entre ele e o Supremo Tribunal Federal paralisassem as investiga\u00e7\u00f5es num momento cr\u00edtico da for\u00e7a- tarefa em 2016, segundo mensagens privadas obtidas pelo site The Intercept Brasil, divulgadas neste domingo pelo jornal Folha de S\u00e3o Paulo.<\/p>\n\n\n\n<p>O objetivo era evitar que a divulga\u00e7\u00e3o de pap\u00e9is com nomes de dezenas de pol\u00edticos \u2013 encontrados pela Pol\u00edcia Federal na casa de um executivo da Odebrecht \u2013 acirrasse o confronto com o Supremo ao expor pessoas que tinham direito a foro especial e, portanto, s\u00f3 poderiam ser investigadas com autoriza\u00e7\u00e3o da corte.<\/p>\n\n\n\n<p>Moro temia um novo atrito como STF, j\u00e1 que acabara de ser repreendido por ter divulgado escutas telef\u00f4nicas do ex-presidente Lula.<\/p>\n\n\n\n<p>Havia o receio, ainda conforme a mat\u00e9ria do jornal, de que o ministro Teori Zavascki desmembrasse os inqu\u00e9ritos que estavam sob controle do juiz em Curitiba e os esvaziasse exatamente quando as investiga\u00e7\u00f5es avan\u00e7avam.<\/p>\n\n\n\n<p>O ministro Sergio Moro diz n\u00e3o reconhecer a autenticidade das mensagens, considera sua divulga\u00e7\u00e3o sensacionalista e nega ter cometido ilegalidades na condu\u00e7\u00e3o da Opera\u00e7\u00e3o Lava Jato.<\/p>\n\n\n\n<p>Uol<\/p>\n","protected":false},"excerpt":{"rendered":"<p>Procuradores na linha de frente da Opera\u00e7\u00e3o Lava Jato se articularam para proteger Sergio Moro e evitar que tens\u00f5es entre ele e o Supremo Tribunal&hellip; <\/p>\n","protected":false},"author":1,"featured_media":101756,"comment_status":"closed","ping_status":"closed","sticky":false,"template":"","format":"standard","meta":{"sfsi_plus_gutenberg_text_before_share":"","sfsi_plus_gutenberg_show_text_before_share":"","sfsi_plus_gutenberg_icon_type":"","sfsi_plus_gutenberg_icon_alignemt":"","sfsi_plus_gutenburg_max_per_row":"","footnotes":""},"categories":[11],"tags":[],"class_list":["post-101755","post","type-post","status-publish","format-standard","has-post-thumbnail","hentry","category-politica"],"_links":{"self":[{"href":"https:\/\/www.caririemacao.com\/1\/wp-json\/wp\/v2\/posts\/101755","targetHints":{"allow":["GET"]}}],"collection":[{"href":"https:\/\/www.caririemacao.com\/1\/wp-json\/wp\/v2\/posts"}],"about":[{"href":"https:\/\/www.caririemacao.com\/1\/wp-json\/wp\/v2\/types\/post"}],"author":[{"embeddable":true,"href":"https:\/\/www.caririemacao.com\/1\/wp-json\/wp\/v2\/users\/1"}],"replies":[{"embeddable":true,"href":"https:\/\/www.caririemacao.com\/1\/wp-json\/wp\/v2\/comments?post=101755"}],"version-history":[{"count":1,"href":"https:\/\/www.caririemacao.com\/1\/wp-json\/wp\/v2\/posts\/101755\/revisions"}],"predecessor-version":[{"id":101757,"href":"https:\/\/www.caririemacao.com\/1\/wp-json\/wp\/v2\/posts\/101755\/revisions\/101757"}],"wp:featuredmedia":[{"embeddable":true,"href":"https:\/\/www.caririemacao.com\/1\/wp-json\/wp\/v2\/media\/101756"}],"wp:attachment":[{"href":"https:\/\/www.caririemacao.com\/1\/wp-json\/wp\/v2\/media?parent=101755"}],"wp:term":[{"taxonomy":"category","embeddable":true,"href":"https:\/\/www.caririemacao.com\/1\/wp-json\/wp\/v2\/categories?post=101755"},{"taxonomy":"post_tag","embeddable":true,"href":"https:\/\/www.caririemacao.com\/1\/wp-json\/wp\/v2\/tags?post=101755"}],"curies":[{"name":"wp","href":"https:\/\/api.w.org\/{rel}","templated":true}]}}