{"id":101762,"date":"2019-06-23T18:50:58","date_gmt":"2019-06-23T21:50:58","guid":{"rendered":"http:\/\/www.caririemacao.com\/1\/?p=101762"},"modified":"2019-06-23T18:50:58","modified_gmt":"2019-06-23T21:50:58","slug":"no-cariri-acidente-envolvendo-onibus-do-avioes-do-forro-deixa-deixa-uma-pessoa-morta","status":"publish","type":"post","link":"https:\/\/www.caririemacao.com\/1\/2019\/06\/23\/no-cariri-acidente-envolvendo-onibus-do-avioes-do-forro-deixa-deixa-uma-pessoa-morta\/","title":{"rendered":"NO CARIRI: Acidente envolvendo \u00f4nibus do \u2018Avi\u00f5es do Forr\u00f3\u2019 deixa deixa uma pessoa morta"},"content":{"rendered":"\n<p>Um homem de 78 anos morreu em um acidente envolvendo uma motocicleta e um \u00f4nibus da banda \u201cAvi\u00f5es do Forr\u00f3\u201d, na tarde deste domingo (23), no km 17, na BR-412, no munic\u00edpio de Boa Vista, no Cariri paraibano.<\/p>\n\n\n\n<p>O acidente aconteceu por volta das 14h15, no trevo que d\u00e1 acesso \u00e0 cidade. De acordo com a Pol\u00edcia Rodovi\u00e1ria Federal (PRF), a motocicleta bateu na lateral do \u00f4nibus e n\u00e3o obedeceu a prefer\u00eancia. O motociclista morreu no local. Uma equipe da PRF foi acionada at\u00e9 o local. At\u00e9 as 16h20, a identifica\u00e7\u00e3o da v\u00edtima n\u00e3o havia sido informada.<\/p>\n\n\n\n<p>A banda Avi\u00f5es do Forr\u00f3, que tem o cantor Xand Avi\u00e3o no comando, se apresenta neste domingo (23), em uma casa de shows privada, em Campina Grande.<\/p>\n\n\n\n<p>Portal t5<\/p>\n","protected":false},"excerpt":{"rendered":"<p>Um homem de 78 anos morreu em um acidente envolvendo uma motocicleta e um \u00f4nibus da banda \u201cAvi\u00f5es do Forr\u00f3\u201d, na tarde deste domingo (23),&hellip; <\/p>\n","protected":false},"author":2,"featured_media":101763,"comment_status":"closed","ping_status":"closed","sticky":false,"template":"","format":"standard","meta":{"sfsi_plus_gutenberg_text_before_share":"","sfsi_plus_gutenberg_show_text_before_share":"","sfsi_plus_gutenberg_icon_type":"","sfsi_plus_gutenberg_icon_alignemt":"","sfsi_plus_gutenburg_max_per_row":"","footnotes":""},"categories":[50,12],"tags":[],"class_list":["post-101762","post","type-post","status-publish","format-standard","has-post-thumbnail","hentry","category-destaque","category-policia"],"_links":{"self":[{"href":"https:\/\/www.caririemacao.com\/1\/wp-json\/wp\/v2\/posts\/101762","targetHints":{"allow":["GET"]}}],"collection":[{"href":"https:\/\/www.caririemacao.com\/1\/wp-json\/wp\/v2\/posts"}],"about":[{"href":"https:\/\/www.caririemacao.com\/1\/wp-json\/wp\/v2\/types\/post"}],"author":[{"embeddable":true,"href":"https:\/\/www.caririemacao.com\/1\/wp-json\/wp\/v2\/users\/2"}],"replies":[{"embeddable":true,"href":"https:\/\/www.caririemacao.com\/1\/wp-json\/wp\/v2\/comments?post=101762"}],"version-history":[{"count":1,"href":"https:\/\/www.caririemacao.com\/1\/wp-json\/wp\/v2\/posts\/101762\/revisions"}],"predecessor-version":[{"id":101764,"href":"https:\/\/www.caririemacao.com\/1\/wp-json\/wp\/v2\/posts\/101762\/revisions\/101764"}],"wp:featuredmedia":[{"embeddable":true,"href":"https:\/\/www.caririemacao.com\/1\/wp-json\/wp\/v2\/media\/101763"}],"wp:attachment":[{"href":"https:\/\/www.caririemacao.com\/1\/wp-json\/wp\/v2\/media?parent=101762"}],"wp:term":[{"taxonomy":"category","embeddable":true,"href":"https:\/\/www.caririemacao.com\/1\/wp-json\/wp\/v2\/categories?post=101762"},{"taxonomy":"post_tag","embeddable":true,"href":"https:\/\/www.caririemacao.com\/1\/wp-json\/wp\/v2\/tags?post=101762"}],"curies":[{"name":"wp","href":"https:\/\/api.w.org\/{rel}","templated":true}]}}