{"id":101765,"date":"2019-06-24T08:37:02","date_gmt":"2019-06-24T11:37:02","guid":{"rendered":"http:\/\/www.caririemacao.com\/1\/?p=101765"},"modified":"2019-06-24T08:37:02","modified_gmt":"2019-06-24T11:37:02","slug":"governo-federal-mudara-politica-salarial-do-funcionalismo","status":"publish","type":"post","link":"https:\/\/www.caririemacao.com\/1\/2019\/06\/24\/governo-federal-mudara-politica-salarial-do-funcionalismo\/","title":{"rendered":"Governo federal mudar\u00e1 pol\u00edtica salarial do funcionalismo"},"content":{"rendered":"\n<p>O governo federal vai concluir, no segundo semestre, uma proposta de reforma administrativa do funcionalismo.<\/p>\n\n\n\n<p>A \u00b4tese\u00b4 \u00e9 melhorar a produtividade dos servidores p\u00fablicos e reduzir os custos fiscais da folha de pagamentos da Uni\u00e3o.<\/p>\n\n\n\n<p>Segundo o jornal Valor Econ\u00f4mico, um dos objetivos que j\u00e1 est\u00e1 mapeado no trabalho em curso, ainda est\u00e1 em fase inicial, \u00e9 elevar a dist\u00e2ncia entre sal\u00e1rios de entrada e de fim de carreira dos servidores, principalmente pela redu\u00e7\u00e3o dos ganhos iniciais.<\/p>\n\n\n\n<p>O outro \u00e9 promover uma significativa redu\u00e7\u00e3o no n\u00famero de carreiras do Poder Executivo, diminuindo a pulveriza\u00e7\u00e3o de cargos e situa\u00e7\u00f5es de redund\u00e2ncia entre \u00f3rg\u00e3os do pr\u00f3prio governo.<\/p>\n\n\n\n<p>*fonte: valor economico<\/p>\n","protected":false},"excerpt":{"rendered":"<p>O governo federal vai concluir, no segundo semestre, uma proposta de reforma administrativa do funcionalismo. A \u00b4tese\u00b4 \u00e9 melhorar a produtividade dos servidores p\u00fablicos e&hellip; <\/p>\n","protected":false},"author":1,"featured_media":101766,"comment_status":"closed","ping_status":"closed","sticky":false,"template":"","format":"standard","meta":{"sfsi_plus_gutenberg_text_before_share":"","sfsi_plus_gutenberg_show_text_before_share":"","sfsi_plus_gutenberg_icon_type":"","sfsi_plus_gutenberg_icon_alignemt":"","sfsi_plus_gutenburg_max_per_row":"","footnotes":""},"categories":[11],"tags":[],"class_list":["post-101765","post","type-post","status-publish","format-standard","has-post-thumbnail","hentry","category-politica"],"_links":{"self":[{"href":"https:\/\/www.caririemacao.com\/1\/wp-json\/wp\/v2\/posts\/101765","targetHints":{"allow":["GET"]}}],"collection":[{"href":"https:\/\/www.caririemacao.com\/1\/wp-json\/wp\/v2\/posts"}],"about":[{"href":"https:\/\/www.caririemacao.com\/1\/wp-json\/wp\/v2\/types\/post"}],"author":[{"embeddable":true,"href":"https:\/\/www.caririemacao.com\/1\/wp-json\/wp\/v2\/users\/1"}],"replies":[{"embeddable":true,"href":"https:\/\/www.caririemacao.com\/1\/wp-json\/wp\/v2\/comments?post=101765"}],"version-history":[{"count":1,"href":"https:\/\/www.caririemacao.com\/1\/wp-json\/wp\/v2\/posts\/101765\/revisions"}],"predecessor-version":[{"id":101767,"href":"https:\/\/www.caririemacao.com\/1\/wp-json\/wp\/v2\/posts\/101765\/revisions\/101767"}],"wp:featuredmedia":[{"embeddable":true,"href":"https:\/\/www.caririemacao.com\/1\/wp-json\/wp\/v2\/media\/101766"}],"wp:attachment":[{"href":"https:\/\/www.caririemacao.com\/1\/wp-json\/wp\/v2\/media?parent=101765"}],"wp:term":[{"taxonomy":"category","embeddable":true,"href":"https:\/\/www.caririemacao.com\/1\/wp-json\/wp\/v2\/categories?post=101765"},{"taxonomy":"post_tag","embeddable":true,"href":"https:\/\/www.caririemacao.com\/1\/wp-json\/wp\/v2\/tags?post=101765"}],"curies":[{"name":"wp","href":"https:\/\/api.w.org\/{rel}","templated":true}]}}