{"id":101775,"date":"2019-06-24T08:45:40","date_gmt":"2019-06-24T11:45:40","guid":{"rendered":"http:\/\/www.caririemacao.com\/1\/?p=101775"},"modified":"2019-06-24T08:45:40","modified_gmt":"2019-06-24T11:45:40","slug":"dupla-e-vitima-de-tentativa-de-homicidio-apos-saida-de-festa-de-sao-joao-na-paraiba","status":"publish","type":"post","link":"https:\/\/www.caririemacao.com\/1\/2019\/06\/24\/dupla-e-vitima-de-tentativa-de-homicidio-apos-saida-de-festa-de-sao-joao-na-paraiba\/","title":{"rendered":"Dupla \u00e9 v\u00edtima de tentativa de homic\u00eddio ap\u00f3s sa\u00edda de festa de S\u00e3o Jo\u00e3o, na Para\u00edba"},"content":{"rendered":"\n<p>Dois jovens foram alvos de tentativa de homic\u00eddio no munic\u00edpio de Catol\u00e9 do Rocha, no Sert\u00e3o paraibano. O atentado aconteceu no in\u00edcio da manh\u00e3 desta segunda-feira (24), dia de S\u00e3o Jo\u00e3o.<\/p>\n\n\n\n<p>Por volta das 5h30, a dupla voltava das festas em Riacho dos Cavalos quando foi surpreendida pelo atirador, no contorno rodovi\u00e1rio Edmir Xavier.<\/p>\n\n\n\n<p>Francisco dos Santos, de 20 anos, e Mateus Costa, de 18 anos, foram baleados pr\u00f3ximo do aer\u00f3dromo da regi\u00e3o.<\/p>\n\n\n\n<p>Ambos foram socorridos para um hospital da regi\u00e3o. O estado de sa\u00fade ainda n\u00e3o foi revelado. O motivo da tentativa de homic\u00eddio ainda n\u00e3o foi divulgado.<\/p>\n","protected":false},"excerpt":{"rendered":"<p>Dois jovens foram alvos de tentativa de homic\u00eddio no munic\u00edpio de Catol\u00e9 do Rocha, no Sert\u00e3o paraibano. O atentado aconteceu no in\u00edcio da manh\u00e3 desta&hellip; <\/p>\n","protected":false},"author":1,"featured_media":88728,"comment_status":"closed","ping_status":"closed","sticky":false,"template":"","format":"standard","meta":{"sfsi_plus_gutenberg_text_before_share":"","sfsi_plus_gutenberg_show_text_before_share":"","sfsi_plus_gutenberg_icon_type":"","sfsi_plus_gutenberg_icon_alignemt":"","sfsi_plus_gutenburg_max_per_row":"","footnotes":""},"categories":[12],"tags":[],"class_list":["post-101775","post","type-post","status-publish","format-standard","has-post-thumbnail","hentry","category-policia"],"_links":{"self":[{"href":"https:\/\/www.caririemacao.com\/1\/wp-json\/wp\/v2\/posts\/101775","targetHints":{"allow":["GET"]}}],"collection":[{"href":"https:\/\/www.caririemacao.com\/1\/wp-json\/wp\/v2\/posts"}],"about":[{"href":"https:\/\/www.caririemacao.com\/1\/wp-json\/wp\/v2\/types\/post"}],"author":[{"embeddable":true,"href":"https:\/\/www.caririemacao.com\/1\/wp-json\/wp\/v2\/users\/1"}],"replies":[{"embeddable":true,"href":"https:\/\/www.caririemacao.com\/1\/wp-json\/wp\/v2\/comments?post=101775"}],"version-history":[{"count":1,"href":"https:\/\/www.caririemacao.com\/1\/wp-json\/wp\/v2\/posts\/101775\/revisions"}],"predecessor-version":[{"id":101776,"href":"https:\/\/www.caririemacao.com\/1\/wp-json\/wp\/v2\/posts\/101775\/revisions\/101776"}],"wp:featuredmedia":[{"embeddable":true,"href":"https:\/\/www.caririemacao.com\/1\/wp-json\/wp\/v2\/media\/88728"}],"wp:attachment":[{"href":"https:\/\/www.caririemacao.com\/1\/wp-json\/wp\/v2\/media?parent=101775"}],"wp:term":[{"taxonomy":"category","embeddable":true,"href":"https:\/\/www.caririemacao.com\/1\/wp-json\/wp\/v2\/categories?post=101775"},{"taxonomy":"post_tag","embeddable":true,"href":"https:\/\/www.caririemacao.com\/1\/wp-json\/wp\/v2\/tags?post=101775"}],"curies":[{"name":"wp","href":"https:\/\/api.w.org\/{rel}","templated":true}]}}