{"id":101783,"date":"2019-06-24T08:54:08","date_gmt":"2019-06-24T11:54:08","guid":{"rendered":"http:\/\/www.caririemacao.com\/1\/?p=101783"},"modified":"2019-06-24T08:54:08","modified_gmt":"2019-06-24T11:54:08","slug":"mais-medicos-e-reforcado-em-mais-de-mil-municipios","status":"publish","type":"post","link":"https:\/\/www.caririemacao.com\/1\/2019\/06\/24\/mais-medicos-e-reforcado-em-mais-de-mil-municipios\/","title":{"rendered":"Mais M\u00e9dicos \u00e9 refor\u00e7ado em mais de mil munic\u00edpios"},"content":{"rendered":"\n<p>A partir de hoje (24), mais de mil munic\u00edpios, localizados em todo o pa\u00eds, al\u00e9m de dez Distritos Sanit\u00e1rios Especiais Ind\u00edgenas, come\u00e7ar\u00e3o a receber 1.975 profissionais selecionados para o Mais M\u00e9dicos, durante o 18\u00ba ciclo do programa.<\/p>\n\n\n\n<p>Segundo o Minist\u00e9rio da Sa\u00fade, o refor\u00e7o beneficiar\u00e1 mais de 6 milh\u00f5es de pessoas que vivem nas \u00e1reas mais vulner\u00e1veis do Brasil.<\/p>\n\n\n\n<p>Algumas delas com hist\u00f3rica dificuldade de acesso, caso de localidades ribeirinhas, fluviais, quilombolas e ind\u00edgenas.<\/p>\n\n\n\n<p>Os profissionais selecionados ter\u00e3o at\u00e9 o dia 28 de junho para comparecer aos munic\u00edpios e iniciar as atividades nas unidades de sa\u00fade.<\/p>\n\n\n\n<p>Nesta primeira fase do 18\u00ba ciclo do programa, a sele\u00e7\u00e3o priorizou a participa\u00e7\u00e3o de profissionais \u201cformados e habilitados com registro do Conselho Regional de Medicina (CRM)\u201d, preferencialmente \u201ccom perfil de atendimento para a Aten\u00e7\u00e3o Prim\u00e1ria\u201d.<\/p>\n\n\n\n<p>Para tanto, o Minist\u00e9rio da Sa\u00fade estabeleceu \u201ccrit\u00e9rios de classifica\u00e7\u00e3o, como t\u00edtulos de Especialista e\/ou Resid\u00eancia M\u00e9dica em Medicina da Fam\u00edlia e Comunidade\u201d.<\/p>\n\n\n\n<p>Para acessar a lista dos munic\u00edpios contemplados pelo programa Mais M\u00e9dicos,&nbsp;<a href=\"http:\/\/http\/\/saude.gov.br\/noticias\/agencia-saude\/45530-mais-de-1-9-mil-novos-profissionais-do-mais-medicos-ja-comecam-a-trabalhar-em-junho\" target=\"_blank\" rel=\"noreferrer noopener\">clique aqui<\/a>.<\/p>\n","protected":false},"excerpt":{"rendered":"<p>A partir de hoje (24), mais de mil munic\u00edpios, localizados em todo o pa\u00eds, al\u00e9m de dez Distritos Sanit\u00e1rios Especiais Ind\u00edgenas, come\u00e7ar\u00e3o a receber 1.975&hellip; <\/p>\n","protected":false},"author":1,"featured_media":73789,"comment_status":"closed","ping_status":"closed","sticky":false,"template":"","format":"standard","meta":{"sfsi_plus_gutenberg_text_before_share":"","sfsi_plus_gutenberg_show_text_before_share":"","sfsi_plus_gutenberg_icon_type":"","sfsi_plus_gutenberg_icon_alignemt":"","sfsi_plus_gutenburg_max_per_row":"","footnotes":""},"categories":[6,50],"tags":[],"class_list":["post-101783","post","type-post","status-publish","format-standard","has-post-thumbnail","hentry","category-cidades","category-destaque"],"_links":{"self":[{"href":"https:\/\/www.caririemacao.com\/1\/wp-json\/wp\/v2\/posts\/101783","targetHints":{"allow":["GET"]}}],"collection":[{"href":"https:\/\/www.caririemacao.com\/1\/wp-json\/wp\/v2\/posts"}],"about":[{"href":"https:\/\/www.caririemacao.com\/1\/wp-json\/wp\/v2\/types\/post"}],"author":[{"embeddable":true,"href":"https:\/\/www.caririemacao.com\/1\/wp-json\/wp\/v2\/users\/1"}],"replies":[{"embeddable":true,"href":"https:\/\/www.caririemacao.com\/1\/wp-json\/wp\/v2\/comments?post=101783"}],"version-history":[{"count":1,"href":"https:\/\/www.caririemacao.com\/1\/wp-json\/wp\/v2\/posts\/101783\/revisions"}],"predecessor-version":[{"id":101784,"href":"https:\/\/www.caririemacao.com\/1\/wp-json\/wp\/v2\/posts\/101783\/revisions\/101784"}],"wp:featuredmedia":[{"embeddable":true,"href":"https:\/\/www.caririemacao.com\/1\/wp-json\/wp\/v2\/media\/73789"}],"wp:attachment":[{"href":"https:\/\/www.caririemacao.com\/1\/wp-json\/wp\/v2\/media?parent=101783"}],"wp:term":[{"taxonomy":"category","embeddable":true,"href":"https:\/\/www.caririemacao.com\/1\/wp-json\/wp\/v2\/categories?post=101783"},{"taxonomy":"post_tag","embeddable":true,"href":"https:\/\/www.caririemacao.com\/1\/wp-json\/wp\/v2\/tags?post=101783"}],"curies":[{"name":"wp","href":"https:\/\/api.w.org\/{rel}","templated":true}]}}