{"id":101787,"date":"2019-06-24T08:58:10","date_gmt":"2019-06-24T11:58:10","guid":{"rendered":"http:\/\/www.caririemacao.com\/1\/?p=101787"},"modified":"2019-06-24T08:58:10","modified_gmt":"2019-06-24T11:58:10","slug":"em-situacoes-distintas-bota-pb-e-treze-se-enfrentam-pela-serie-c","status":"publish","type":"post","link":"https:\/\/www.caririemacao.com\/1\/2019\/06\/24\/em-situacoes-distintas-bota-pb-e-treze-se-enfrentam-pela-serie-c\/","title":{"rendered":"Em situa\u00e7\u00f5es distintas, Bota-PB e Treze se enfrentam pela S\u00e9rie C"},"content":{"rendered":"\n<p>Em situa\u00e7\u00f5es distintas no Campeonato Brasileiro da S\u00e9rie C, Botafogo-PB e Treze far\u00e3o nesta segunda-feira (24), \u00e0s 20 horas, no est\u00e1dio Almeid\u00e3o, em Jo\u00e3o Pessoa, o primeiro cl\u00e1ssico tradi\u00e7\u00e3o da temporada. As duas equipes n\u00e3o se enfrentaram no Campeonato Paraibano devido ao regulamento.<\/p>\n\n\n\n<p>Vindo de duas derrotas seguidas, o Galo est\u00e1 na zona de rebaixamento (com seis pontos na 9\u00aa posi\u00e7\u00e3o) e entrar\u00e1 em campo pressionado. A partida marcar\u00e1 a estreia de Kleber Romero no comando t\u00e9cnico do alvinegro. Ap\u00f3s a derrota para o Confian\u00e7a em pleno est\u00e1dio Amig\u00e3o, em Campina Grande, o t\u00e9cnico Fl\u00e1vio Ara\u00fajo entregou o cargo. Kleber era auxiliar t\u00e9cnico permanente do clube e foi efetivado como t\u00e9cnico at\u00e9 o fim da competi\u00e7\u00e3o nacional.<\/p>\n\n\n\n<p>J\u00e1 o Botafogo-PB n\u00e3o jogou na \u00faltima rodada. O time pessoense enfrentaria o N\u00e1utico, no Recife, mas devido a chuva da \u00faltima semana na Capital pernambucana a partida acabou adiada duas vezes. Primeiro no domingo (16) e depois na segunda (17).<\/p>\n\n\n\n<p>Descansado, o Belo precisa vencer para voltar ao G-4, j\u00e1 que depois da vit\u00f3ria de ontem do Confian\u00e7a sobre o Ferrovi\u00e1rio, o time comandado pelo t\u00e9cnico Evaristo Piza caiu para 5\u00ba ainda com os 12 pontos ganhos, mas com um jogo a menos.<\/p>\n\n\n\n<p>Botafogo-PB e Treze se enfrentar\u00e3o pela 9\u00aa rodada do Grupo A da S\u00e9rie C<\/p>\n\n\n\n<p><strong>Classifica\u00e7\u00e3o de momento do Grupo A<\/strong><\/p>\n\n\n\n<p><em>1\u00ba Ferrovi\u00e1rio-CE 19&nbsp;<\/em><br><em>2\u00ba Santa Cruz-PE 16&nbsp;<\/em><br><em>3\u00ba Sampaio Corr\u00eaa-MA 14 *<\/em><br><em>4\u00ba Confian\u00e7a-SE 14&nbsp;<\/em><br><em>5\u00ba Botafogo-PB 12 **<\/em><br><em>6\u00ba N\u00e1utico-PE 11 *<\/em><br><em>7\u00ba Globo-RN 9&nbsp;<\/em><br><em>8\u00ba Imperatriz-MA 8 *<\/em><br><em>9\u00ba Treze-PB 6 *<\/em><br><em>10\u00ba ABC-RN 5<\/em><\/p>\n\n\n\n<p><em>* jogos a menos&nbsp;<\/em><\/p>\n\n\n\n<p><strong>MaisPB<\/strong><\/p>\n","protected":false},"excerpt":{"rendered":"<p>Em situa\u00e7\u00f5es distintas no Campeonato Brasileiro da S\u00e9rie C, Botafogo-PB e Treze far\u00e3o nesta segunda-feira (24), \u00e0s 20 horas, no est\u00e1dio Almeid\u00e3o, em Jo\u00e3o Pessoa,&hellip; <\/p>\n","protected":false},"author":1,"featured_media":100421,"comment_status":"closed","ping_status":"closed","sticky":false,"template":"","format":"standard","meta":{"sfsi_plus_gutenberg_text_before_share":"","sfsi_plus_gutenberg_show_text_before_share":"","sfsi_plus_gutenberg_icon_type":"","sfsi_plus_gutenberg_icon_alignemt":"","sfsi_plus_gutenburg_max_per_row":"","footnotes":""},"categories":[13],"tags":[],"class_list":["post-101787","post","type-post","status-publish","format-standard","has-post-thumbnail","hentry","category-esportes"],"_links":{"self":[{"href":"https:\/\/www.caririemacao.com\/1\/wp-json\/wp\/v2\/posts\/101787","targetHints":{"allow":["GET"]}}],"collection":[{"href":"https:\/\/www.caririemacao.com\/1\/wp-json\/wp\/v2\/posts"}],"about":[{"href":"https:\/\/www.caririemacao.com\/1\/wp-json\/wp\/v2\/types\/post"}],"author":[{"embeddable":true,"href":"https:\/\/www.caririemacao.com\/1\/wp-json\/wp\/v2\/users\/1"}],"replies":[{"embeddable":true,"href":"https:\/\/www.caririemacao.com\/1\/wp-json\/wp\/v2\/comments?post=101787"}],"version-history":[{"count":1,"href":"https:\/\/www.caririemacao.com\/1\/wp-json\/wp\/v2\/posts\/101787\/revisions"}],"predecessor-version":[{"id":101788,"href":"https:\/\/www.caririemacao.com\/1\/wp-json\/wp\/v2\/posts\/101787\/revisions\/101788"}],"wp:featuredmedia":[{"embeddable":true,"href":"https:\/\/www.caririemacao.com\/1\/wp-json\/wp\/v2\/media\/100421"}],"wp:attachment":[{"href":"https:\/\/www.caririemacao.com\/1\/wp-json\/wp\/v2\/media?parent=101787"}],"wp:term":[{"taxonomy":"category","embeddable":true,"href":"https:\/\/www.caririemacao.com\/1\/wp-json\/wp\/v2\/categories?post=101787"},{"taxonomy":"post_tag","embeddable":true,"href":"https:\/\/www.caririemacao.com\/1\/wp-json\/wp\/v2\/tags?post=101787"}],"curies":[{"name":"wp","href":"https:\/\/api.w.org\/{rel}","templated":true}]}}