{"id":101791,"date":"2019-06-24T08:59:39","date_gmt":"2019-06-24T11:59:39","guid":{"rendered":"http:\/\/www.caririemacao.com\/1\/?p=101791"},"modified":"2019-06-24T08:59:39","modified_gmt":"2019-06-24T11:59:39","slug":"famup-defende-politicas-publicas-de-convivencia-com-seca","status":"publish","type":"post","link":"https:\/\/www.caririemacao.com\/1\/2019\/06\/24\/famup-defende-politicas-publicas-de-convivencia-com-seca\/","title":{"rendered":"Famup defende pol\u00edticas p\u00fablicas de conviv\u00eancia com seca"},"content":{"rendered":"\n<p>Estudo elaborado pela Confedera\u00e7\u00e3o Nacional de Munic\u00edpios (CNM) mostra que, com base nas quantidades dos decretos reconhecidos anualmente (Situa\u00e7\u00e3o de Emerg\u00eancia) pelos munic\u00edpios brasileiros, a Para\u00edba lidera o ranking nacional com 3.875 documentos de registros de desastres naturais, o que corresponde a 12% do total apresentado entre 2003 e 2018. A maioria s\u00e3o eventos negativos decorrentes da seca. Com base nos n\u00fameros, a Federa\u00e7\u00e3o das Associa\u00e7\u00f5es de Munic\u00edpios da Para\u00edba (Famup) defende a elabora\u00e7\u00e3o de pol\u00edticas p\u00fablicas para conviv\u00eancia com a seca.<\/p>\n\n\n\n<p>Este ano, o presidente da Famup, George Coelho, assinou, junto a outros presidentes de federa\u00e7\u00f5es do Nordeste, durante Reuni\u00e3o do F\u00f3rum de Prefeitos, um documento para cria\u00e7\u00e3o de mecanismos para cria\u00e7\u00e3o de um plano de conviv\u00eancia com a seca.<\/p>\n\n\n\n<p>\u201c\u00c9 preciso come\u00e7ar a debater esse tema para encontrarmos solu\u00e7\u00f5es pr\u00e1ticas de conviv\u00eancia com a seca. Temos problemas com estiagem prolongada e, por isso, o alto \u00edndice de apresenta\u00e7\u00f5es de decretos pelos gestores. A Famup est\u00e1 engajada nessas discuss\u00f5es juntamente com outras federa\u00e7\u00f5es para que possamos amenizar o sofrimento dos nordestinos, sobretudo dos paraibanos\u201d, disse George.<\/p>\n\n\n\n<p>Nos \u00faltimos 10 anos, um total de 203 munic\u00edpios paraibanos apresentaram decretos de Situa\u00e7\u00e3o de Emerg\u00eancia, o que representa 91% das 223 localidades existentes. Os dados mostram que 197 cidades apresentaram seis ou mais decretos, que dois apresentaram entre dois a cinco e quatro munic\u00edpios apresentaram at\u00e9 dois decretos relacionados a seca. Sobre chuvas, apenas os munic\u00edpios de Jo\u00e3o Pessoa, Santa Rita e Bayeuxchegaram a apresentar os decretos.<\/p>\n\n\n\n<p>O estudo da&nbsp;CNM mostra ainda que outros estados do Nordeste tamb\u00e9m est\u00e3o na lista dos mais atingidos pela seca, como Cear\u00e1 e Bahia. Os estados do Norte e Centro Oeste s\u00e3o os que menos apresentam reclama\u00e7\u00f5es por desastres, ficando nos \u00faltimos lugares da lista, com apenas 5% do total de decretos.<\/p>\n\n\n\n<p><strong>Desastres \u2013<\/strong>&nbsp;S\u00e3o resultados de eventos adversos, naturais ou provocados pelo homem sobre um cen\u00e1rio vulner\u00e1vel, causando grave perturba\u00e7\u00e3o ao funcionamento de uma comunidade ou sociedade envolvendo extensivas perdas e danos humanos, materiais, econ\u00f4micos ou ambientais, que excede a sua capacidade de lidar com o problema usando meios pr\u00f3prios.<\/p>\n\n\n\n<p><strong>Decretos em 2019 \u2013<\/strong>&nbsp;Este ano, o Governo da Para\u00edba decretou estado de emerg\u00eancia para 177 cidades afetadas por estiagens. O decreto leva em conta a escassez de \u00e1gua no semi\u00e1rido, preju\u00edzos \u00e0s atividades rurais, principalmente agricultura e pecu\u00e1ria e falta d\u2019\u00e1gua nos mananciais.<\/p>\n\n\n\n<p><strong>MaisPB<\/strong><\/p>\n","protected":false},"excerpt":{"rendered":"<p>Estudo elaborado pela Confedera\u00e7\u00e3o Nacional de Munic\u00edpios (CNM) mostra que, com base nas quantidades dos decretos reconhecidos anualmente (Situa\u00e7\u00e3o de Emerg\u00eancia) pelos munic\u00edpios brasileiros, a&hellip; <\/p>\n","protected":false},"author":1,"featured_media":101792,"comment_status":"closed","ping_status":"closed","sticky":false,"template":"","format":"standard","meta":{"sfsi_plus_gutenberg_text_before_share":"","sfsi_plus_gutenberg_show_text_before_share":"","sfsi_plus_gutenberg_icon_type":"","sfsi_plus_gutenberg_icon_alignemt":"","sfsi_plus_gutenburg_max_per_row":"","footnotes":""},"categories":[2],"tags":[],"class_list":["post-101791","post","type-post","status-publish","format-standard","has-post-thumbnail","hentry","category-geral"],"_links":{"self":[{"href":"https:\/\/www.caririemacao.com\/1\/wp-json\/wp\/v2\/posts\/101791","targetHints":{"allow":["GET"]}}],"collection":[{"href":"https:\/\/www.caririemacao.com\/1\/wp-json\/wp\/v2\/posts"}],"about":[{"href":"https:\/\/www.caririemacao.com\/1\/wp-json\/wp\/v2\/types\/post"}],"author":[{"embeddable":true,"href":"https:\/\/www.caririemacao.com\/1\/wp-json\/wp\/v2\/users\/1"}],"replies":[{"embeddable":true,"href":"https:\/\/www.caririemacao.com\/1\/wp-json\/wp\/v2\/comments?post=101791"}],"version-history":[{"count":1,"href":"https:\/\/www.caririemacao.com\/1\/wp-json\/wp\/v2\/posts\/101791\/revisions"}],"predecessor-version":[{"id":101793,"href":"https:\/\/www.caririemacao.com\/1\/wp-json\/wp\/v2\/posts\/101791\/revisions\/101793"}],"wp:featuredmedia":[{"embeddable":true,"href":"https:\/\/www.caririemacao.com\/1\/wp-json\/wp\/v2\/media\/101792"}],"wp:attachment":[{"href":"https:\/\/www.caririemacao.com\/1\/wp-json\/wp\/v2\/media?parent=101791"}],"wp:term":[{"taxonomy":"category","embeddable":true,"href":"https:\/\/www.caririemacao.com\/1\/wp-json\/wp\/v2\/categories?post=101791"},{"taxonomy":"post_tag","embeddable":true,"href":"https:\/\/www.caririemacao.com\/1\/wp-json\/wp\/v2\/tags?post=101791"}],"curies":[{"name":"wp","href":"https:\/\/api.w.org\/{rel}","templated":true}]}}