{"id":101798,"date":"2019-06-24T09:36:42","date_gmt":"2019-06-24T12:36:42","guid":{"rendered":"http:\/\/www.caririemacao.com\/1\/?p=101798"},"modified":"2019-06-24T09:36:42","modified_gmt":"2019-06-24T12:36:42","slug":"museu-do-agricultor-em-monteiro-foi-inaugurado-veja-o-video","status":"publish","type":"post","link":"https:\/\/www.caririemacao.com\/1\/2019\/06\/24\/museu-do-agricultor-em-monteiro-foi-inaugurado-veja-o-video\/","title":{"rendered":"Museu do Agricultor em Monteiro foi inaugurado. Veja o v\u00eddeo"},"content":{"rendered":"\n<figure><iframe allowfullscreen=\"\" height=\"210\" data-src=\"https:\/\/www.youtube.com\/embed\/9L3C3nTxWnw\" width=\"280\" src=\"data:image\/svg+xml;base64,PHN2ZyB3aWR0aD0iMSIgaGVpZ2h0PSIxIiB4bWxucz0iaHR0cDovL3d3dy53My5vcmcvMjAwMC9zdmciPjwvc3ZnPg==\" class=\"lazyload\" data-load-mode=\"1\"><\/iframe><\/figure>\n\n\n\n<p>Foi inaugurado na \u00faltima semana no S\u00edtio Limit\u00e3o, zona rural de Monteiro, o espa\u00e7o f\u00edsico do MUSEU DO AGRICULTOR, com a presen\u00e7a da Prefeita de Monteiro Ana Lorena N\u00f3brega, de v\u00e1rios artistas e da comunidade local.<br>Acompanhe o museu do agricultor nas redes sociais.<br>YouTube:<a href=\"https:\/\/www.youtube.com\/channel\/UCT5SVm4uWuwKLAAJlJ8279g\">https:\/\/www.youtube.com\/channel\/UCT5SVm4uWuwKLAAJlJ8279g<\/a>Fan Page:<a href=\"https:\/\/www.facebook.com\/MuseudoAgricultor\/\">https:\/\/www.facebook.com\/MuseudoAgricultor\/<\/a>Facebook:<a href=\"https:\/\/www.facebook.com\/mus.agri.376\">https:\/\/www.facebook.com\/mus.agri.376<\/a>Instagram:<a href=\"https:\/\/www.instagram.com\/museudoagricultor\/?hl=pt-br\">https:\/\/www.instagram.com\/museudoagricultor\/?hl=pt-br<\/a><\/p>\n","protected":false},"excerpt":{"rendered":"<p>Foi inaugurado na \u00faltima semana no S\u00edtio Limit\u00e3o, zona rural de Monteiro, o espa\u00e7o f\u00edsico do MUSEU DO AGRICULTOR, com a presen\u00e7a da Prefeita de&hellip; <\/p>\n","protected":false},"author":1,"featured_media":101799,"comment_status":"closed","ping_status":"closed","sticky":false,"template":"","format":"standard","meta":{"sfsi_plus_gutenberg_text_before_share":"","sfsi_plus_gutenberg_show_text_before_share":"","sfsi_plus_gutenberg_icon_type":"","sfsi_plus_gutenberg_icon_alignemt":"","sfsi_plus_gutenburg_max_per_row":"","footnotes":""},"categories":[6],"tags":[],"class_list":["post-101798","post","type-post","status-publish","format-standard","has-post-thumbnail","hentry","category-cidades"],"_links":{"self":[{"href":"https:\/\/www.caririemacao.com\/1\/wp-json\/wp\/v2\/posts\/101798","targetHints":{"allow":["GET"]}}],"collection":[{"href":"https:\/\/www.caririemacao.com\/1\/wp-json\/wp\/v2\/posts"}],"about":[{"href":"https:\/\/www.caririemacao.com\/1\/wp-json\/wp\/v2\/types\/post"}],"author":[{"embeddable":true,"href":"https:\/\/www.caririemacao.com\/1\/wp-json\/wp\/v2\/users\/1"}],"replies":[{"embeddable":true,"href":"https:\/\/www.caririemacao.com\/1\/wp-json\/wp\/v2\/comments?post=101798"}],"version-history":[{"count":1,"href":"https:\/\/www.caririemacao.com\/1\/wp-json\/wp\/v2\/posts\/101798\/revisions"}],"predecessor-version":[{"id":101800,"href":"https:\/\/www.caririemacao.com\/1\/wp-json\/wp\/v2\/posts\/101798\/revisions\/101800"}],"wp:featuredmedia":[{"embeddable":true,"href":"https:\/\/www.caririemacao.com\/1\/wp-json\/wp\/v2\/media\/101799"}],"wp:attachment":[{"href":"https:\/\/www.caririemacao.com\/1\/wp-json\/wp\/v2\/media?parent=101798"}],"wp:term":[{"taxonomy":"category","embeddable":true,"href":"https:\/\/www.caririemacao.com\/1\/wp-json\/wp\/v2\/categories?post=101798"},{"taxonomy":"post_tag","embeddable":true,"href":"https:\/\/www.caririemacao.com\/1\/wp-json\/wp\/v2\/tags?post=101798"}],"curies":[{"name":"wp","href":"https:\/\/api.w.org\/{rel}","templated":true}]}}