{"id":101804,"date":"2019-06-24T11:00:56","date_gmt":"2019-06-24T14:00:56","guid":{"rendered":"http:\/\/www.caririemacao.com\/1\/?p=101804"},"modified":"2019-06-24T11:00:56","modified_gmt":"2019-06-24T14:00:56","slug":"novos-dialogos-sugerem-articulacao-para-apoiar-moro-em-tensoes-com-stf-diz-jornal","status":"publish","type":"post","link":"https:\/\/www.caririemacao.com\/1\/2019\/06\/24\/novos-dialogos-sugerem-articulacao-para-apoiar-moro-em-tensoes-com-stf-diz-jornal\/","title":{"rendered":"Novos di\u00e1logos sugerem articula\u00e7\u00e3o para apoiar Moro em tens\u00f5es com STF, diz jornal"},"content":{"rendered":"\n<p>O jornal Folha de S.Paulo &#8211; em parceria com o site Intercept &#8211; divulgou neste domingo trechos de conversas atribu\u00eddas a Sergio Moro e ao procurador Deltan Dallagnol.<\/p>\n\n\n\n<p>Segundo o jornal, as conversas indicam que Deltan discutiu com o ent\u00e3o juiz medidas para evitar desgaste por divulga\u00e7\u00e3o &#8211; pela Pol\u00edcia Federal &#8211; de planilhas com pol\u00edticos.<\/p>\n\n\n\n<p>Em nota, o ministro Sergio Moro disse que causa revolta que se tente construir um enredo com mensagens, cuja autenticidade n\u00e3o se pode reconhecer, a partir de fatos que envolvem um processo judicial p\u00fablico e que s\u00f3 atestam a corre\u00e7\u00e3o e isen\u00e7\u00e3o com que ele atuou enquanto juiz.<\/p>\n\n\n\n<p>O jornal Folha de S.Paulo publicou em sua edi\u00e7\u00e3o deste domingo reportagem, em parceria com o site The Intercept Brasil, que, segundo os ve\u00edculos, mostrariam que &#8220;procuradores da Lava Jato se articularam para proteger Sergio Moro e evitar que tens\u00f5es com o Supremo Tribunal Federal paralisassem investiga\u00e7\u00f5es num momento cr\u00edtico para a for\u00e7a-tarefa em 2016&#8221;.<\/p>\n\n\n\n<p>A Folha afirma que se tentava &#8220;evitar que a divulga\u00e7\u00e3o de pap\u00e9is encontrados pela Pol\u00edcia Federal na casa de um executivo da Odebrecht acirrasse o confronto com o STF ao expor indevidamente dezenas de pol\u00edticos que tinham direito a foro especial &#8211; e que s\u00f3 podiam ser investigados com autoriza\u00e7\u00e3o da Corte.&#8221;<\/p>\n\n\n\n<p>O jornal diz que os supostos di\u00e1logos &#8220;sugerem que o incidente foi causado por um descuido da Pol\u00edcia Federal no dia 22 de mar\u00e7o de 2016, quando ela anexou os documentos da Odebrecht aos autos de um processo da Lava Jato sem preservar seu sigilo, o que permitiu a divulga\u00e7\u00e3o do material por um blog mantido pelo jornalista Fernando Rodrigues&#8221;.<\/p>\n\n\n\n<p>Os supostos di\u00e1logos indicam que, &#8220;assim que soube, no dia seguinte, Moro escreveu ao procurador Deltan Dallagnol, chefe da for\u00e7a-tarefa da Lava Jato em Curitiba, para reclamar da pol\u00edcia e avisar que acabara de impor sigilo aos pap\u00e9is&#8221;.<\/p>\n\n\n\n<p>Segundo a Folha, Moro teria dito que colocou &#8220;sigilo 4 no processo&#8221;, que a atitude da Pol\u00edcia Federal foi &#8220;tremenda bolas nas costas&#8221; e que n\u00e3o via como alternativa sen\u00e3o remeter o processo do marqueteiro do PT, Jo\u00e3o Santana, ao STF. E que a atitude da PF &#8220;vai parecer afronta&#8221;.<\/p>\n\n\n\n<p>Na resposta de Deltan, segundo a Folha, o procurador diz que falou com Pelella, referindo-se ao ent\u00e3o chefe de gabinete da Procuradoria Geral da Rep\u00fablica. E que ele disse que o assunto se resolve com a remessa dos autos.<\/p>\n\n\n\n<p>A Folha prossegue: &#8220;Horas depois, o procurador escreveu novamente a Moro para discutir a situa\u00e7\u00e3o e sugeriu que n\u00e3o tinha havido m\u00e1-f\u00e9 na divulga\u00e7\u00e3o dos pap\u00e9is pela PF&#8221;.<\/p>\n\n\n\n<p>O di\u00e1logo publicado pela Folha e atribu\u00eddo ao procurador e ao ent\u00e3o juiz Moro tem o seguinte conte\u00fado:<\/p>\n\n\n\n<p>Deltan (16:05:54) &#8211; Pensei na quest\u00e3o das planilhas e, embora a relev\u00e2ncia seja absurda e fosse dif\u00edcil n\u00e3o ter visto a import\u00e2ncia, n\u00e3o acho que a PF colocou pra dar conhecimento p\u00fablico, porque s\u00f3 foi noticiado hoje, um dia depois. Se tivessem feito de prop\u00f3sito, ontem \u00e0 noite estava no JN<\/p>\n\n\n\n<p>Moro (16:07:49) &#8211; Continua sendo lamban\u00e7a. N\u00e3o pode cometer esse tipo de erro agora.<\/p>\n\n\n\n<p>Segundo a Folha, Deltan teria procurado &#8220;ent\u00e3o encorajar Moro e lhe prometeu apoio incondicional&#8221;.<\/p>\n\n\n\n<p>Deltan (16:13:02) &#8211; Concordo. E sei que Vc, de todos n\u00f3s, est\u00e1 debaixo da maior press\u00e3o. N\u00e3o desanime com a decis\u00e3o do Teori de ontem ou com os fatos e lamban\u00e7as recentes. As coisas v\u00e3o se acalmar. \u00c9 um momento de \u00e2nimos exaltados. Saiba n\u00e3o s\u00f3 que a imensa maioria da sociedade est\u00e1 com Vc, mas que n\u00f3s faremos tudo o que for necess\u00e1rio para defender Vc de injustas acusa\u00e7\u00f5es. Uma das coisas que mais tenho admirado em Vc \u00e9 a serenidade com que enfrenta not\u00edcias ruins e problemas.<\/p>\n\n\n\n<p>Segundo os di\u00e1logos publicados pela Folha, Moro teria dito que &#8220;temia press\u00f5es para que sua atua\u00e7\u00e3o fosse examinada pelo Conselho Nacional de Justi\u00e7a&#8221;. E que Deltan teria &#8220;prometido ao juiz que falaria com o representante do Minist\u00e9rio P\u00fablico Federal no CNJ&#8221;.<\/p>\n\n\n\n<p>Moro (16:42:22) &#8211; Press\u00e3o ser\u00e1 grande no cnj<\/p>\n\n\n\n<p>Deltan (17:09:23) &#8211; Vou falar com nosso representante no CNJ<\/p>\n\n\n\n<p>A Folha relata que em 28 de mar\u00e7o de 2016, &#8220;Moro mandou para o STF dois inqu\u00e9ritos e uma a\u00e7\u00e3o penal que estavam em andamento em Curitiba, incluindo os autos com a lista da Odebrecht, para que Teori Zavascki decidisse o que fazer com eles.&#8221;<\/p>\n\n\n\n<p>O jornal publica o despacho de Moro em que o ent\u00e3o juiz diz: &#8220;O ideal seria antes aprofundar as apura\u00e7\u00f5es para remeter os processos apenas diante de ind\u00edcios mais concretos de que esses pagamentos seriam tamb\u00e9m il\u00edcitos&#8221;. &#8220;A cautela recomenda, por\u00e9m, que a quest\u00e3o seja submetida desde logo ao Egr\u00e9gio Supremo Tribunal Federal.&#8221;<\/p>\n\n\n\n<p>A Folha relembra que em 22 de abril, Teori decidiu devolver os tr\u00eas processos a Curitiba, mantendo no STF somente as planilhas da Odebrecht que listavam pol\u00edticos, que foram preservaras sob sigilo. Teori, ent\u00e3o relator da Lava Jato no Supremo, morreria em janeiro de 2017 num acidente a\u00e9reo.<\/p>\n\n\n\n<p>A Folha relembra que &#8220;Os di\u00e1logos analisados pelo jornal e pelo Intercept fazem parte de um pacote de mensagens que o site come\u00e7ou a revelar no \u00faltimo dia 9. E diz que &#8220;o vazamento das mensagens exp\u00f4s a proximidade entre Moro e a for\u00e7a-tarefa e p\u00f4s em d\u00favida sua imparcialidade como juiz na condu\u00e7\u00e3o dos processos da Lava Jato&#8221;.<\/p>\n\n\n\n<p>Segundo a legisla\u00e7\u00e3o, ressalta o jornal, &#8220;ju\u00edzes devem se manter imparciais diante da acusa\u00e7\u00e3o e da defesa&#8221;.<\/p>\n\n\n\n<p>A Folha afirma que &#8220;o site Intercept permitiu que a Folha tivesse acesso ao acervo que diz ter recebido de uma fonte an\u00f4nima h\u00e1 semanas&#8221;. E que a PF abriu inqu\u00e9ritos para investigar suspeitas de ataques de hackers a telefones de procuradores e do ministro S\u00e9rgio Moro.&#8221; O jornal acrescenta que, &#8220;ao examinar o material n\u00e3o detectou nenhum ind\u00edcio de que ele possa ter sido adulterado.&#8221; E afirma &#8220;os rep\u00f3rteres buscaram nomes de jornalistas da Folha e que encontraram diversas mensagens que de fato esses profissionais trocaram com integrantes da For\u00e7a Tarefa, obtendo assim, segundo o jornal, um forte ind\u00edcio da integridade do material.<\/p>\n\n\n\n<p>Indagada sobre que outros procedimentos adotou para verificar a autenticidade do material, a Folha informou que verificou que as datas e os eventos citados eram compat\u00edveis com o teor das mensagens. E que o ministro S\u00e9rgio Moro, informado sobre elas, n\u00e3o apontou pontos espec\u00edficos de adultera\u00e7\u00e3o. Sobre uma per\u00edcia independente, disse que, como se trata de mensagens de texto, dependeria de os procuradores de Curitiba cederem arquivos para cotejamento t\u00e9cnico.<\/p>\n\n\n\n<p>Em uma nota do dia 19 de junho, a for\u00e7a-tarefa informou que, desde abril, antes das publica\u00e7\u00f5es do Intercept, quando constatou ataques criminosos aos celulares de seus integrantes, os procuradores descontinuaram o uso e desativaram as contas do aplicativo \u201cTelegram\u201d, com a exclus\u00e3o do hist\u00f3rico de mensagens tanto no celular como na nuvem.<\/p>\n\n\n\n<p>E que, \u00e0 \u00e9poca, a for\u00e7a-tarefa comunicou \u00e0 \u00e9poca os ataques \u00e0 PGR e \u00e0 Pol\u00edcia Federal em Curitiba, que, uma vez que n\u00e3o prejudicaria as linhas investigat\u00f3rias em curso, orientou a troca dos aparelhos e dos n\u00fameros de contato funcionais dos procuradores.<\/p>\n\n\n\n<p>Em nota, o ministro Sergio Moro diz que n\u00e3o confirma a autenticidade de mensagens obtidas de forma criminosa e que podem ter sido editadas ou adulteradas total ou parcialmente.<\/p>\n\n\n\n<p>O ministro diz ainda que causa revolta que se tente construir um enredo com mensagens, cuja autenticidade n\u00e3o se pode reconhecer, a partir de fatos que envolvem um processo judicial p\u00fablico e que s\u00f3 atestam a corre\u00e7\u00e3o e isen\u00e7\u00e3o com que o ministro atuou enquanto juiz federal na opera\u00e7\u00e3o Lava Jato.<\/p>\n\n\n\n<p>Moro afirma que como pode-se verificar no andamento processual, o material referente a pessoas com foro privilegiado foi remetido ao Supremo Tribunal Federal no primeiro dia \u00fatil ap\u00f3s a Pol\u00edcia Federal ter juntado aos autos.<\/p>\n\n\n\n<p>Moro lembra que ap\u00f3s an\u00e1lise, o STF os devolveu \u00e0 13\u00b0 vara federal de Curitiba mantendo consigo apenas a parte que envolvia pessoas com foro privilegiado.<\/p>\n\n\n\n<p>Segundo Moro, esta \u00e9 a verdade, que independe de mensagens cuja autenticidade n\u00e3o se pode aferir.<\/p>\n\n\n\n<p>O ministro ressalta que a invas\u00e3o criminosa de celulares de autoridades p\u00fablicas \u00e9 objeto de investiga\u00e7\u00e3o pela Pol\u00edcia Federal.<\/p>\n\n\n\n<p>O ministro Sergio Moro divulgou pela manh\u00e3 numa rede social uma frase em latim do poeta e fil\u00f3sofo Hor\u00e1cio, que significa em tradu\u00e7\u00e3o livre: a montanha pariu um rato.<\/p>\n\n\n\n<p>Hoje, a for\u00e7a-tarefa da Lava Jato informou, em nota, que n\u00e3o teve acesso aos materiais citados pelo jornal.<\/p>\n\n\n\n<p>Informou ainda que, por isso, tem prejudicada a possibilidade de avaliar a veracidade e o contexto dos supostos di\u00e1logos.<\/p>\n\n\n\n<p>E que os integrantes da for\u00e7a-tarefa pautam suas a\u00e7\u00f5es pessoais e profissionais pela \u00e9tica e pela legalidade.<\/p>\n","protected":false},"excerpt":{"rendered":"<p>O jornal Folha de S.Paulo &#8211; em parceria com o site Intercept &#8211; divulgou neste domingo trechos de conversas atribu\u00eddas a Sergio Moro e ao&hellip; <\/p>\n","protected":false},"author":1,"featured_media":101805,"comment_status":"closed","ping_status":"closed","sticky":false,"template":"","format":"standard","meta":{"sfsi_plus_gutenberg_text_before_share":"","sfsi_plus_gutenberg_show_text_before_share":"","sfsi_plus_gutenberg_icon_type":"","sfsi_plus_gutenberg_icon_alignemt":"","sfsi_plus_gutenburg_max_per_row":"","footnotes":""},"categories":[11],"tags":[],"class_list":["post-101804","post","type-post","status-publish","format-standard","has-post-thumbnail","hentry","category-politica"],"_links":{"self":[{"href":"https:\/\/www.caririemacao.com\/1\/wp-json\/wp\/v2\/posts\/101804","targetHints":{"allow":["GET"]}}],"collection":[{"href":"https:\/\/www.caririemacao.com\/1\/wp-json\/wp\/v2\/posts"}],"about":[{"href":"https:\/\/www.caririemacao.com\/1\/wp-json\/wp\/v2\/types\/post"}],"author":[{"embeddable":true,"href":"https:\/\/www.caririemacao.com\/1\/wp-json\/wp\/v2\/users\/1"}],"replies":[{"embeddable":true,"href":"https:\/\/www.caririemacao.com\/1\/wp-json\/wp\/v2\/comments?post=101804"}],"version-history":[{"count":1,"href":"https:\/\/www.caririemacao.com\/1\/wp-json\/wp\/v2\/posts\/101804\/revisions"}],"predecessor-version":[{"id":101806,"href":"https:\/\/www.caririemacao.com\/1\/wp-json\/wp\/v2\/posts\/101804\/revisions\/101806"}],"wp:featuredmedia":[{"embeddable":true,"href":"https:\/\/www.caririemacao.com\/1\/wp-json\/wp\/v2\/media\/101805"}],"wp:attachment":[{"href":"https:\/\/www.caririemacao.com\/1\/wp-json\/wp\/v2\/media?parent=101804"}],"wp:term":[{"taxonomy":"category","embeddable":true,"href":"https:\/\/www.caririemacao.com\/1\/wp-json\/wp\/v2\/categories?post=101804"},{"taxonomy":"post_tag","embeddable":true,"href":"https:\/\/www.caririemacao.com\/1\/wp-json\/wp\/v2\/tags?post=101804"}],"curies":[{"name":"wp","href":"https:\/\/api.w.org\/{rel}","templated":true}]}}