{"id":101808,"date":"2019-06-24T11:02:50","date_gmt":"2019-06-24T14:02:50","guid":{"rendered":"http:\/\/www.caririemacao.com\/1\/?p=101808"},"modified":"2019-06-24T11:02:50","modified_gmt":"2019-06-24T14:02:50","slug":"aocp-divulga-resultado-e-classificacao-preliminar-do-concurso-para-tecnicos-administrativos-da-ufpb","status":"publish","type":"post","link":"https:\/\/www.caririemacao.com\/1\/2019\/06\/24\/aocp-divulga-resultado-e-classificacao-preliminar-do-concurso-para-tecnicos-administrativos-da-ufpb\/","title":{"rendered":"AOCP divulga resultado e classifica\u00e7\u00e3o preliminar do concurso para t\u00e9cnicos administrativos da UFPB"},"content":{"rendered":"\n<p>O&nbsp; Instituto AOCP divulgou na manh\u00e3 desta segunda-feira (24) o&nbsp;resultado&nbsp;e classifica\u00e7\u00e3o preliminar do concurso para t\u00e9cnicos administrativos da Universidade Federal da Para\u00edba(UFPB).<\/p>\n\n\n\n<p><a href=\"http:\/\/www.institutoaocp.org.br\/concurso.jsp?id=218\">CONFIRA NESTE LINK<\/a><\/p>\n\n\n\n<p>O Portal ClickPB obteve em primeira m\u00e3o a informa\u00e7\u00e3o sobre os resultados e apurou que caber\u00e1 interposi\u00e7\u00e3o de recurso quanto ao resultado e a classifica\u00e7\u00e3o, divulgados, devendo ser protocolado em formul\u00e1rio pr\u00f3prio, dispon\u00edvel no endere\u00e7o eletr\u00f4nico&nbsp;<a href=\"http:\/\/www.institutoaocp.org.br\/\">www.institutoaocp.org.br<\/a>, no per\u00edodo da 10h do dia 24\/06\/2019 at\u00e9 as 09h59 do dia 03\/07\/2019, observado o hor\u00e1rio oficial de Bras\u00edlia \u2013 DF.<br><\/p>\n\n\n\n<p>O concurso p\u00fablico oferece 132 vagas para t\u00e9cnicos administrativos. As provas foram aplicadas no dia 7 de abril deste ano. Os sal\u00e1rios oferecidos variam de&nbsp;R$ 1.945,06 a R$ 4.180,66, mais aux\u00edlio.<br><\/p>\n\n\n\n<p>Foram 74.963 candidatos aptos \u00e0 realiza\u00e7\u00e3o de provas no m\u00eas de abril. Desse total, 18.748 faltaram \u00e0 aplica\u00e7\u00e3o.<\/p>\n\n\n\n<p>Foram divulgados os resultados tanto da ampla concorr\u00eancia&nbsp;como tamb\u00e9m das vagas reservadas a pessoas com defici\u00eancia e cotas para negros.<br><\/p>\n\n\n\n<figure class=\"wp-block-image\"><img decoding=\"async\" data-src=\"https:\/\/www.clickpb.com.br\/media\/filer_public\/a2\/11\/a211f2e3-0438-4268-b256-2e7a52687327\/ufpb_aocp_divulgacao_resultado_preliminar_240619.jpeg\" alt=\"\" src=\"data:image\/svg+xml;base64,PHN2ZyB3aWR0aD0iMSIgaGVpZ2h0PSIxIiB4bWxucz0iaHR0cDovL3d3dy53My5vcmcvMjAwMC9zdmciPjwvc3ZnPg==\" class=\"lazyload\" \/><\/figure>\n","protected":false},"excerpt":{"rendered":"<p>O&nbsp; Instituto AOCP divulgou na manh\u00e3 desta segunda-feira (24) o&nbsp;resultado&nbsp;e classifica\u00e7\u00e3o preliminar do concurso para t\u00e9cnicos administrativos da Universidade Federal da Para\u00edba(UFPB). CONFIRA NESTE LINK&hellip; <\/p>\n","protected":false},"author":1,"featured_media":88353,"comment_status":"closed","ping_status":"closed","sticky":false,"template":"","format":"standard","meta":{"sfsi_plus_gutenberg_text_before_share":"","sfsi_plus_gutenberg_show_text_before_share":"","sfsi_plus_gutenberg_icon_type":"","sfsi_plus_gutenberg_icon_alignemt":"","sfsi_plus_gutenburg_max_per_row":"","footnotes":""},"categories":[2],"tags":[],"class_list":["post-101808","post","type-post","status-publish","format-standard","has-post-thumbnail","hentry","category-geral"],"_links":{"self":[{"href":"https:\/\/www.caririemacao.com\/1\/wp-json\/wp\/v2\/posts\/101808","targetHints":{"allow":["GET"]}}],"collection":[{"href":"https:\/\/www.caririemacao.com\/1\/wp-json\/wp\/v2\/posts"}],"about":[{"href":"https:\/\/www.caririemacao.com\/1\/wp-json\/wp\/v2\/types\/post"}],"author":[{"embeddable":true,"href":"https:\/\/www.caririemacao.com\/1\/wp-json\/wp\/v2\/users\/1"}],"replies":[{"embeddable":true,"href":"https:\/\/www.caririemacao.com\/1\/wp-json\/wp\/v2\/comments?post=101808"}],"version-history":[{"count":1,"href":"https:\/\/www.caririemacao.com\/1\/wp-json\/wp\/v2\/posts\/101808\/revisions"}],"predecessor-version":[{"id":101809,"href":"https:\/\/www.caririemacao.com\/1\/wp-json\/wp\/v2\/posts\/101808\/revisions\/101809"}],"wp:featuredmedia":[{"embeddable":true,"href":"https:\/\/www.caririemacao.com\/1\/wp-json\/wp\/v2\/media\/88353"}],"wp:attachment":[{"href":"https:\/\/www.caririemacao.com\/1\/wp-json\/wp\/v2\/media?parent=101808"}],"wp:term":[{"taxonomy":"category","embeddable":true,"href":"https:\/\/www.caririemacao.com\/1\/wp-json\/wp\/v2\/categories?post=101808"},{"taxonomy":"post_tag","embeddable":true,"href":"https:\/\/www.caririemacao.com\/1\/wp-json\/wp\/v2\/tags?post=101808"}],"curies":[{"name":"wp","href":"https:\/\/api.w.org\/{rel}","templated":true}]}}