{"id":101817,"date":"2019-06-24T11:09:40","date_gmt":"2019-06-24T14:09:40","guid":{"rendered":"http:\/\/www.caririemacao.com\/1\/?p=101817"},"modified":"2019-06-24T11:09:40","modified_gmt":"2019-06-24T14:09:40","slug":"brasil-treina-hoje-em-porto-alegre-para-jogo-das-quartas-de-final","status":"publish","type":"post","link":"https:\/\/www.caririemacao.com\/1\/2019\/06\/24\/brasil-treina-hoje-em-porto-alegre-para-jogo-das-quartas-de-final\/","title":{"rendered":"Brasil treina hoje em Porto Alegre para jogo das quartas de final"},"content":{"rendered":"\n<p>A sele\u00e7\u00e3o brasileira conhece hoje (24) o advers\u00e1rio que enfrentar\u00e1 nas quartas de final da da Copa Am\u00e9rica. O jogo est\u00e1 marcado para a pr\u00f3xima quinta-feira (27), \u00e0s 21h30, na Arena do Gr\u00eamio, em Porto Alegre. Paraguai, Jap\u00e3o, Equador ou Uruguai est\u00e3o na lista das prov\u00e1veis equipes.<\/p>\n\n\n\n<p>Os jogadores brasileiros e a comiss\u00e3o t\u00e9cnica desembarcaram na Capiral Ga\u00facha no fim da noite desse domingo (23). Na chegada ao hotel, a delega\u00e7\u00e3o foi recepcionada por dezenas de torcedores. Everton e Gabriel Jesus estavam entre os mais procurados para fotos e aut\u00f3grafos. Everton, que integra o elenco do Gr\u00eamio, j\u00e1 vivia a expectativa de jogar em casa.<\/p>\n\n\n\n<figure class=\"wp-block-image\"><img decoding=\"async\" data-src=\"http:\/\/imagens.ebc.com.br\/9w0OaWoMHtegW1YD1KA-R18cITA=\/754x0\/smart\/http:\/\/agenciabrasil.ebc.com.br\/sites\/default\/files\/thumbnails\/image\/gabriel_jesus.jpeg?itok=n1_uDE8W\" alt=\"Os jogadores brasileiros e a comiss\u00e3o t\u00e9cnica desembarcaram na Capiral Ga\u00facha no fim da noite desse domingo (23)\" src=\"data:image\/svg+xml;base64,PHN2ZyB3aWR0aD0iMSIgaGVpZ2h0PSIxIiB4bWxucz0iaHR0cDovL3d3dy53My5vcmcvMjAwMC9zdmciPjwvc3ZnPg==\" class=\"lazyload\" \/><\/figure>\n\n\n\n<p>Os jogadores brasileiros e a comiss\u00e3o t\u00e9cnica desembarcaram na Capiral Ga\u00facha no fim da noite desse domingo (23) &#8211;&nbsp;<strong>Lucas Figueiredo &#8211; CBF<\/strong><\/p>\n\n\n\n<p><strong>Tite<\/strong><\/p>\n\n\n\n<p>Nesta segunda-feira, o t\u00e9cnico Tite comanda um treino no Centro de Treinamento do Gr\u00eamio, \u00e0s 15h45. Ap\u00f3s as atividades com os jogadores est\u00e1 prevista uma entrevista para a imprensa. Ainda em S\u00e3o Paulo, o treinador falou sobre a pr\u00f3xima fase da competi\u00e7\u00e3o, quando quem perder est\u00e1 fora da Copa.<\/p>\n\n\n\n<p>\u201cVamos pra uma fase que ela \u00e9 mata. Ela \u00e9 dura, \u00e9 diferente de ponto corrido. A equipe manteve a lucidez, jogou do jeito que ela joga. \u00c9 a forma que a gente escolheu para jogar. \u00c9 assim, ela vai ganhar e perder assim. Ela continua com uma ideia criando aos 47 do segundo tempo. Ela vai persistir dessa forma\u201d, disse Tite, que j\u00e1 est\u00e1 com tr\u00eas anos comandado sele\u00e7\u00e3o brasileira.<\/p>\n","protected":false},"excerpt":{"rendered":"<p>A sele\u00e7\u00e3o brasileira conhece hoje (24) o advers\u00e1rio que enfrentar\u00e1 nas quartas de final da da Copa Am\u00e9rica. O jogo est\u00e1 marcado para a pr\u00f3xima&hellip; <\/p>\n","protected":false},"author":1,"featured_media":52296,"comment_status":"closed","ping_status":"closed","sticky":false,"template":"","format":"standard","meta":{"sfsi_plus_gutenberg_text_before_share":"","sfsi_plus_gutenberg_show_text_before_share":"","sfsi_plus_gutenberg_icon_type":"","sfsi_plus_gutenberg_icon_alignemt":"","sfsi_plus_gutenburg_max_per_row":"","footnotes":""},"categories":[13],"tags":[],"class_list":["post-101817","post","type-post","status-publish","format-standard","has-post-thumbnail","hentry","category-esportes"],"_links":{"self":[{"href":"https:\/\/www.caririemacao.com\/1\/wp-json\/wp\/v2\/posts\/101817","targetHints":{"allow":["GET"]}}],"collection":[{"href":"https:\/\/www.caririemacao.com\/1\/wp-json\/wp\/v2\/posts"}],"about":[{"href":"https:\/\/www.caririemacao.com\/1\/wp-json\/wp\/v2\/types\/post"}],"author":[{"embeddable":true,"href":"https:\/\/www.caririemacao.com\/1\/wp-json\/wp\/v2\/users\/1"}],"replies":[{"embeddable":true,"href":"https:\/\/www.caririemacao.com\/1\/wp-json\/wp\/v2\/comments?post=101817"}],"version-history":[{"count":1,"href":"https:\/\/www.caririemacao.com\/1\/wp-json\/wp\/v2\/posts\/101817\/revisions"}],"predecessor-version":[{"id":101818,"href":"https:\/\/www.caririemacao.com\/1\/wp-json\/wp\/v2\/posts\/101817\/revisions\/101818"}],"wp:featuredmedia":[{"embeddable":true,"href":"https:\/\/www.caririemacao.com\/1\/wp-json\/wp\/v2\/media\/52296"}],"wp:attachment":[{"href":"https:\/\/www.caririemacao.com\/1\/wp-json\/wp\/v2\/media?parent=101817"}],"wp:term":[{"taxonomy":"category","embeddable":true,"href":"https:\/\/www.caririemacao.com\/1\/wp-json\/wp\/v2\/categories?post=101817"},{"taxonomy":"post_tag","embeddable":true,"href":"https:\/\/www.caririemacao.com\/1\/wp-json\/wp\/v2\/tags?post=101817"}],"curies":[{"name":"wp","href":"https:\/\/api.w.org\/{rel}","templated":true}]}}