{"id":101825,"date":"2019-06-24T12:10:00","date_gmt":"2019-06-24T15:10:00","guid":{"rendered":"http:\/\/www.caririemacao.com\/1\/?p=101825"},"modified":"2019-06-24T12:15:11","modified_gmt":"2019-06-24T15:15:11","slug":"secretaria-de-assistencia-social-de-amparo-realizou-o-1o-encontro-de-quadrilhas-estilizadas-no-municipio","status":"publish","type":"post","link":"https:\/\/www.caririemacao.com\/1\/2019\/06\/24\/secretaria-de-assistencia-social-de-amparo-realizou-o-1o-encontro-de-quadrilhas-estilizadas-no-municipio\/","title":{"rendered":"Secretaria de Assist\u00eancia Social de Amparo realizou o 1\u00ba Encontro de Quadrilhas Estilizadas no munic\u00edpio"},"content":{"rendered":"\n<p>\n\nA Prefeitura Municipal de Amparo atrav\u00e9s da Secretaria de Assist\u00eancia Social esteve promovendo nesse domingo (23) o 1\u00ba Encontro de Quadrilhas Estilizadas em nosso munic\u00edpio.<br>A cidade recebeu 3 grupos de cidades diferentes que vieram se apresentar e animar a popula\u00e7\u00e3o Amparense nesse per\u00edodo Junino. Apresentaram-se o grupo da cidade de Sum\u00e9, Coxixola e Gurj\u00e3o.<\/p>\n\n\n\n<figure class=\"wp-block-image\"><a href=\"https:\/\/1.bp.blogspot.com\/-J0TDtNn_6Yo\/XRDO7uLSbPI\/AAAAAAABBvY\/RyO1kAAjWOk_-yoq5zVOgVQaBROxQlhNACEwYBhgL\/s1600\/1%25C2%25BA%2BENCONTRO%2BDE%2BQUADRILHAS%2BESTILIZADAS%2BDE%2BAMPARO-PB%2B%2B%252865%2529.JPG\"><img decoding=\"async\" data-src=\"https:\/\/1.bp.blogspot.com\/-J0TDtNn_6Yo\/XRDO7uLSbPI\/AAAAAAABBvY\/RyO1kAAjWOk_-yoq5zVOgVQaBROxQlhNACEwYBhgL\/s640\/1%25C2%25BA%2BENCONTRO%2BDE%2BQUADRILHAS%2BESTILIZADAS%2BDE%2BAMPARO-PB%2B%2B%252865%2529.JPG\" alt=\"\" src=\"data:image\/svg+xml;base64,PHN2ZyB3aWR0aD0iMSIgaGVpZ2h0PSIxIiB4bWxucz0iaHR0cDovL3d3dy53My5vcmcvMjAwMC9zdmciPjwvc3ZnPg==\" class=\"lazyload\" \/><\/a><\/figure>\n\n\n\n<p><strong>Quadrilha Junina Tradi\u00e7\u00e3o Nordestina \u2013 Coxixola-PB<\/strong><br>Desde 2013 com o prop\u00f3sito de valorizar a Cultura Nordestina, essa junina vem com 45 integrantes e como Tema \u201cA Feira\u201d.<\/p>\n\n\n\n<figure class=\"wp-block-image\"><a href=\"https:\/\/1.bp.blogspot.com\/-kGTQLs-f5vQ\/XRDV6QKns8I\/AAAAAAABBvc\/gUUOO4PVsGc8AEGv3QQZnOjzXk9tH0dPQCLcBGAs\/s1600\/1%25C2%25BA%2BENCONTRO%2BDE%2BQUADRILHAS%2BESTILIZADAS%2BDE%2BAMPARO-PB%2B%2B%252832%2529.JPG\"><img decoding=\"async\" data-src=\"https:\/\/1.bp.blogspot.com\/-kGTQLs-f5vQ\/XRDV6QKns8I\/AAAAAAABBvc\/gUUOO4PVsGc8AEGv3QQZnOjzXk9tH0dPQCLcBGAs\/s640\/1%25C2%25BA%2BENCONTRO%2BDE%2BQUADRILHAS%2BESTILIZADAS%2BDE%2BAMPARO-PB%2B%2B%252832%2529.JPG\" alt=\"\" src=\"data:image\/svg+xml;base64,PHN2ZyB3aWR0aD0iMSIgaGVpZ2h0PSIxIiB4bWxucz0iaHR0cDovL3d3dy53My5vcmcvMjAwMC9zdmciPjwvc3ZnPg==\" class=\"lazyload\" \/><\/a><\/figure>\n\n\n\n<p><strong>Quadrilha Junina Filhos da Dan\u00e7a \u2013 Sum\u00e9-PB<\/strong><br>Grupo Social Aut\u00f4nomo, existente desde 2014, que em apenas 5 anos j\u00e1 viajou por todo nosso Cariri Paraibano. Trabalham tamb\u00e9m com dan\u00e7a contempor\u00e2nea culturais. Sobre a coordena\u00e7\u00e3o de Talles Rodolfo.<\/p>\n\n\n\n<figure class=\"wp-block-image\"><a href=\"https:\/\/1.bp.blogspot.com\/-OkWXsWDeBzA\/XRDOSksNArI\/AAAAAAABBr4\/wNioaMNYWyofzfbSFk5Ta7pAhCM4aJgfQCEwYBhgL\/s1600\/1%25C2%25BA%2BENCONTRO%2BDE%2BQUADRILHAS%2BESTILIZADAS%2BDE%2BAMPARO-PB%2B%2B%2528128%2529.JPG\"><img decoding=\"async\" data-src=\"https:\/\/1.bp.blogspot.com\/-OkWXsWDeBzA\/XRDOSksNArI\/AAAAAAABBr4\/wNioaMNYWyofzfbSFk5Ta7pAhCM4aJgfQCEwYBhgL\/s640\/1%25C2%25BA%2BENCONTRO%2BDE%2BQUADRILHAS%2BESTILIZADAS%2BDE%2BAMPARO-PB%2B%2B%2528128%2529.JPG\" alt=\"\" src=\"data:image\/svg+xml;base64,PHN2ZyB3aWR0aD0iMSIgaGVpZ2h0PSIxIiB4bWxucz0iaHR0cDovL3d3dy53My5vcmcvMjAwMC9zdmciPjwvc3ZnPg==\" class=\"lazyload\" \/><\/a><\/figure>\n\n\n\n<p><strong>Quadrilha Junina Uma Fam\u00edlia em Miss\u00e3o \u2013 Gurj\u00e3o-PB<\/strong><br>Com 9 anos de hist\u00f3ria e pura cultura, essa \u00e9 uma Junina que divulga a palavra de Deus atrav\u00e9s do meio Junino, contando com 50 integrantes. Essa junina teve como tema \u201cToda Honra, todo dia, de m\u00e3os dadas com Maria\u201d. Sobre a coordena\u00e7\u00e3o de Alysson Thiago. <\/p>\n\n\n\n<p>Amparo Ligado<\/p>\n","protected":false},"excerpt":{"rendered":"<p>A Prefeitura Municipal de Amparo atrav\u00e9s da Secretaria de Assist\u00eancia Social esteve promovendo nesse domingo (23) o 1\u00ba Encontro de Quadrilhas Estilizadas em nosso munic\u00edpio.A&hellip; <\/p>\n","protected":false},"author":2,"featured_media":101826,"comment_status":"closed","ping_status":"closed","sticky":false,"template":"","format":"standard","meta":{"sfsi_plus_gutenberg_text_before_share":"","sfsi_plus_gutenberg_show_text_before_share":"","sfsi_plus_gutenberg_icon_type":"","sfsi_plus_gutenberg_icon_alignemt":"","sfsi_plus_gutenburg_max_per_row":"","footnotes":""},"categories":[6,50],"tags":[],"class_list":["post-101825","post","type-post","status-publish","format-standard","has-post-thumbnail","hentry","category-cidades","category-destaque"],"_links":{"self":[{"href":"https:\/\/www.caririemacao.com\/1\/wp-json\/wp\/v2\/posts\/101825","targetHints":{"allow":["GET"]}}],"collection":[{"href":"https:\/\/www.caririemacao.com\/1\/wp-json\/wp\/v2\/posts"}],"about":[{"href":"https:\/\/www.caririemacao.com\/1\/wp-json\/wp\/v2\/types\/post"}],"author":[{"embeddable":true,"href":"https:\/\/www.caririemacao.com\/1\/wp-json\/wp\/v2\/users\/2"}],"replies":[{"embeddable":true,"href":"https:\/\/www.caririemacao.com\/1\/wp-json\/wp\/v2\/comments?post=101825"}],"version-history":[{"count":2,"href":"https:\/\/www.caririemacao.com\/1\/wp-json\/wp\/v2\/posts\/101825\/revisions"}],"predecessor-version":[{"id":101828,"href":"https:\/\/www.caririemacao.com\/1\/wp-json\/wp\/v2\/posts\/101825\/revisions\/101828"}],"wp:featuredmedia":[{"embeddable":true,"href":"https:\/\/www.caririemacao.com\/1\/wp-json\/wp\/v2\/media\/101826"}],"wp:attachment":[{"href":"https:\/\/www.caririemacao.com\/1\/wp-json\/wp\/v2\/media?parent=101825"}],"wp:term":[{"taxonomy":"category","embeddable":true,"href":"https:\/\/www.caririemacao.com\/1\/wp-json\/wp\/v2\/categories?post=101825"},{"taxonomy":"post_tag","embeddable":true,"href":"https:\/\/www.caririemacao.com\/1\/wp-json\/wp\/v2\/tags?post=101825"}],"curies":[{"name":"wp","href":"https:\/\/api.w.org\/{rel}","templated":true}]}}