{"id":101836,"date":"2019-06-24T14:27:43","date_gmt":"2019-06-24T17:27:43","guid":{"rendered":"http:\/\/www.caririemacao.com\/1\/?p=101836"},"modified":"2019-06-24T14:27:43","modified_gmt":"2019-06-24T17:27:43","slug":"prefeito-sandro-emite-nota-de-pesar-pelo-falecimento-de-flavio-de-ze-tourinho","status":"publish","type":"post","link":"https:\/\/www.caririemacao.com\/1\/2019\/06\/24\/prefeito-sandro-emite-nota-de-pesar-pelo-falecimento-de-flavio-de-ze-tourinho\/","title":{"rendered":"Prefeito Sandro emite nota de pesar pelo falecimento de Fl\u00e1vio de Z\u00e9 Tourinho"},"content":{"rendered":"\n<p>Com profundo pesar, recebemos, no in\u00edcio da noite deste Domingo (23), a not\u00edcia do falecimento de Fl\u00e1vio Maciel Firmo, Fl\u00e1vio de Z\u00e9 Tourinho, como era bastante conhecido, aos 54 anos. <\/p>\n\n\n\n<p>Ao longo de sua vida conservou amizades, sempre prezando pela lealdade e respeito.<\/p>\n\n\n\n<p>Neste momento de dor, nos solidarizamos com os familiares e amigos, pela perda deste grande homem que deixou um legado de carinho e amizade.<br>\nNa certeza que a presen\u00e7a de Fl\u00e1vio deixar\u00e1 muitas saudades em todos com quem conviveu e cativou.<\/p>\n\n\n\n<p>Que Deus esteja ao lado de todos confortando seus cora\u00e7\u00f5es. <\/p>\n\n\n\n<p>Alecsandro Bezerra dos Santos &#8211; Prefeito Constitucional<\/p>\n","protected":false},"excerpt":{"rendered":"<p>Com profundo pesar, recebemos, no in\u00edcio da noite deste Domingo (23), a not\u00edcia do falecimento de Fl\u00e1vio Maciel Firmo, Fl\u00e1vio de Z\u00e9 Tourinho, como era&hellip; <\/p>\n","protected":false},"author":2,"featured_media":101834,"comment_status":"closed","ping_status":"closed","sticky":false,"template":"","format":"standard","meta":{"sfsi_plus_gutenberg_text_before_share":"","sfsi_plus_gutenberg_show_text_before_share":"","sfsi_plus_gutenberg_icon_type":"","sfsi_plus_gutenberg_icon_alignemt":"","sfsi_plus_gutenburg_max_per_row":"","footnotes":""},"categories":[50,2],"tags":[],"class_list":["post-101836","post","type-post","status-publish","format-standard","has-post-thumbnail","hentry","category-destaque","category-geral"],"_links":{"self":[{"href":"https:\/\/www.caririemacao.com\/1\/wp-json\/wp\/v2\/posts\/101836","targetHints":{"allow":["GET"]}}],"collection":[{"href":"https:\/\/www.caririemacao.com\/1\/wp-json\/wp\/v2\/posts"}],"about":[{"href":"https:\/\/www.caririemacao.com\/1\/wp-json\/wp\/v2\/types\/post"}],"author":[{"embeddable":true,"href":"https:\/\/www.caririemacao.com\/1\/wp-json\/wp\/v2\/users\/2"}],"replies":[{"embeddable":true,"href":"https:\/\/www.caririemacao.com\/1\/wp-json\/wp\/v2\/comments?post=101836"}],"version-history":[{"count":1,"href":"https:\/\/www.caririemacao.com\/1\/wp-json\/wp\/v2\/posts\/101836\/revisions"}],"predecessor-version":[{"id":101837,"href":"https:\/\/www.caririemacao.com\/1\/wp-json\/wp\/v2\/posts\/101836\/revisions\/101837"}],"wp:featuredmedia":[{"embeddable":true,"href":"https:\/\/www.caririemacao.com\/1\/wp-json\/wp\/v2\/media\/101834"}],"wp:attachment":[{"href":"https:\/\/www.caririemacao.com\/1\/wp-json\/wp\/v2\/media?parent=101836"}],"wp:term":[{"taxonomy":"category","embeddable":true,"href":"https:\/\/www.caririemacao.com\/1\/wp-json\/wp\/v2\/categories?post=101836"},{"taxonomy":"post_tag","embeddable":true,"href":"https:\/\/www.caririemacao.com\/1\/wp-json\/wp\/v2\/tags?post=101836"}],"curies":[{"name":"wp","href":"https:\/\/api.w.org\/{rel}","templated":true}]}}