{"id":101838,"date":"2019-06-24T15:49:04","date_gmt":"2019-06-24T18:49:04","guid":{"rendered":"http:\/\/www.caririemacao.com\/1\/?p=101838"},"modified":"2019-06-24T15:49:04","modified_gmt":"2019-06-24T18:49:04","slug":"prefeitura-de-damiao-inscreve-para-concurso-publico-ate-a-proxima-quarta-feira","status":"publish","type":"post","link":"https:\/\/www.caririemacao.com\/1\/2019\/06\/24\/prefeitura-de-damiao-inscreve-para-concurso-publico-ate-a-proxima-quarta-feira\/","title":{"rendered":"Prefeitura de Dami\u00e3o inscreve para concurso p\u00fablico at\u00e9 a pr\u00f3xima quarta-feira"},"content":{"rendered":"\n<p>A Prefeitura de Dami\u00e3o inscreve para o concurso p\u00fablico at\u00e9 a pr\u00f3xima quarta-feira (26). O concurso oferece&nbsp;35 vagas para cargos de todos os n\u00edveis de escolaridade e sal\u00e1rios de at\u00e9 R$ 2.647,07.&nbsp;<\/p>\n\n\n\n<p>As inscri\u00e7\u00f5es podem ser feitas at\u00e9 o dia 26 de junho atrav\u00e9s do&nbsp;<a href=\"http:\/\/www.contemaxconsultoria.com.br\/site\/concursos-em-andamento\/prefeitura-municipal-de-damiao\">site da empresa organizadora<\/a>.&nbsp;<\/p>\n\n\n\n<p><a href=\"http:\/\/www.contemaxconsultoria.com.br\/site\/wp-content\/uploads\/2019\/05\/EDITAL-E-REGULAMENTO-1.pdf\">Confira o edital<\/a><\/p>\n\n\n\n<p>As inscri\u00e7\u00f5es custam R$ 50 (ensino fundamental), R$ 70 (ensino m\u00e9dio) e R$ 90 (ensino superior).&nbsp;<\/p>\n\n\n\n<p>As provas est\u00e3o previstas para 14 de julho.&nbsp;<\/p>\n","protected":false},"excerpt":{"rendered":"<p>A Prefeitura de Dami\u00e3o inscreve para o concurso p\u00fablico at\u00e9 a pr\u00f3xima quarta-feira (26). O concurso oferece&nbsp;35 vagas para cargos de todos os n\u00edveis de&hellip; <\/p>\n","protected":false},"author":1,"featured_media":75898,"comment_status":"closed","ping_status":"closed","sticky":false,"template":"","format":"standard","meta":{"sfsi_plus_gutenberg_text_before_share":"","sfsi_plus_gutenberg_show_text_before_share":"","sfsi_plus_gutenberg_icon_type":"","sfsi_plus_gutenberg_icon_alignemt":"","sfsi_plus_gutenburg_max_per_row":"","footnotes":""},"categories":[6,50],"tags":[],"class_list":["post-101838","post","type-post","status-publish","format-standard","has-post-thumbnail","hentry","category-cidades","category-destaque"],"_links":{"self":[{"href":"https:\/\/www.caririemacao.com\/1\/wp-json\/wp\/v2\/posts\/101838","targetHints":{"allow":["GET"]}}],"collection":[{"href":"https:\/\/www.caririemacao.com\/1\/wp-json\/wp\/v2\/posts"}],"about":[{"href":"https:\/\/www.caririemacao.com\/1\/wp-json\/wp\/v2\/types\/post"}],"author":[{"embeddable":true,"href":"https:\/\/www.caririemacao.com\/1\/wp-json\/wp\/v2\/users\/1"}],"replies":[{"embeddable":true,"href":"https:\/\/www.caririemacao.com\/1\/wp-json\/wp\/v2\/comments?post=101838"}],"version-history":[{"count":1,"href":"https:\/\/www.caririemacao.com\/1\/wp-json\/wp\/v2\/posts\/101838\/revisions"}],"predecessor-version":[{"id":101839,"href":"https:\/\/www.caririemacao.com\/1\/wp-json\/wp\/v2\/posts\/101838\/revisions\/101839"}],"wp:featuredmedia":[{"embeddable":true,"href":"https:\/\/www.caririemacao.com\/1\/wp-json\/wp\/v2\/media\/75898"}],"wp:attachment":[{"href":"https:\/\/www.caririemacao.com\/1\/wp-json\/wp\/v2\/media?parent=101838"}],"wp:term":[{"taxonomy":"category","embeddable":true,"href":"https:\/\/www.caririemacao.com\/1\/wp-json\/wp\/v2\/categories?post=101838"},{"taxonomy":"post_tag","embeddable":true,"href":"https:\/\/www.caririemacao.com\/1\/wp-json\/wp\/v2\/tags?post=101838"}],"curies":[{"name":"wp","href":"https:\/\/api.w.org\/{rel}","templated":true}]}}